{"id":23306,"date":"2025-01-21T18:35:24","date_gmt":"2025-01-21T18:35:24","guid":{"rendered":"https:\/\/radiocresatelital.com\/?p=23306"},"modified":"2025-01-21T20:39:47","modified_gmt":"2025-01-21T20:39:47","slug":"la-generacion-z-esta-revolucionando-el-mercado-de-los-electrodomesticos-inteligentes-priorizando-la-automatizacion-del-hogar","status":"publish","type":"post","link":"https:\/\/radiocresatelital.com\/?p=23306","title":{"rendered":"La Generaci\u00f3n Z est\u00e1 revolucionando el mercado de los electrodom\u00e9sticos inteligentes, priorizando la automatizaci\u00f3n del hogar"},"content":{"rendered":"<p>Guayaquil.- Las nuevas generaciones de consumidores, como los de la generaci\u00f3n Z, priorizan aspectos como la conectividad y automatizaci\u00f3n en sus decisiones de compra. Est\u00e1n en tendencia productos digitales que sean f\u00e1ciles de usar y brinden una experiencia positiva, ahorren tiempo y se acoplen al dise\u00f1o del hogar. Es as\u00ed como electrodom\u00e9sticos con experiencias de usuario digitales, intuitivas y personalizadas ganan cada vez m\u00e1s popularidad.<\/p>\n<p>En la actualidad, los <strong>electrodom\u00e9sticos cuentan con modernos sistemas tecnol\u00f3gicos que aprenden de las preferencias y h\u00e1bitos de sus usuarios<\/strong>, a la vez que se integran de manera arm\u00f3nica al espacio, generando conexiones emocionales aut\u00e9nticas.<\/p>\n<p>Marcas como Electrolux, compa\u00f1\u00eda sueca que se destaca en la industria de electrodom\u00e9sticos, ha impulsado la innovaci\u00f3n en sus productos, convirti\u00e9ndolos en una <strong>parte clave en la cotidianidad<\/strong>, adem\u00e1s que gracias a sus sistemas inteligentes existe una <strong>interacci\u00f3n genuina entre el electrodom\u00e9stico y el usuario<\/strong>. Estas conexiones van m\u00e1s all\u00e1 de satisfacer las necesidades b\u00e1sicas y funcionales, puesto que dise\u00f1adores de la marca han priorizado la experiencia del usuario permitiendo que cada producto se alinee de manera intuitiva al estilo de vida de las personas. Por ejemplo, cuentan con refrigeradoras que reconocen las rutinas diarias, con el fin de optimizar el consumo de energ\u00eda y preservar de mejor manera la calidad de los alimentos. As\u00ed tambi\u00e9n, las lavadoras tienen un sistema para minimizar el consumo de agua.<\/p>\n<p><strong>Simon Bradford, vicepresidente de Dise\u00f1o Digital de Electrolux Group<\/strong>, resalta que la compa\u00f1\u00eda apuesta por el cambio de mentalidad de los dise\u00f1adores a medida que se avanza hacia la personalizaci\u00f3n de la experiencia del usuario: \u201cLa meta es cambiar la mentalidad del usuario de \u201cun\u201d electrodom\u00e9stico a \u201cmi\u201d electrodom\u00e9stico. Solo entonces podremos comenzar a construir relaciones significativas con nuestros usuarios\u201d.<\/p>\n<p>El mercado de electrodom\u00e9sticos seguir\u00e1 encaminado a promover productos enfocados en mejorar la calidad de vida de las personas, generar conectividad e impulsar soluciones sostenibles, gracias a la creciente preferencia por electrodom\u00e9sticos eficientes e inteligentes.<\/p>\n","protected":false},"excerpt":{"rendered":"<p>Guayaquil.- Las nuevas generaciones de consumidores, como los de la generaci\u00f3n Z, priorizan aspectos como la conectividad y automatizaci\u00f3n en sus decisiones de compra. Est\u00e1n en tendencia productos digitales que sean f\u00e1ciles de usar y brinden una experiencia positiva, ahorren tiempo y se acoplen al dise\u00f1o del hogar. Es as\u00ed como electrodom\u00e9sticos con experiencias de [&hellip;]<\/p>\n","protected":false},"author":2,"featured_media":23307,"comment_status":"open","ping_status":"closed","sticky":false,"template":"","format":"standard","meta":{"_jetpack_memberships_contains_paid_content":false,"footnotes":""},"categories":[13],"tags":[3662,3661],"class_list":["post-23306","post","type-post","status-publish","format-standard","has-post-thumbnail","hentry","category-noticias-nacionales","tag-electrolux-group","tag-generacion-z"],"jetpack_featured_media_url":"https:\/\/radiocresatelital.com\/wp-content\/uploads\/2025\/01\/WhatsApp-Image-2025-01-21-at-12.48.16.jpeg","jetpack_sharing_enabled":true,"_links":{"self":[{"href":"https:\/\/radiocresatelital.com\/index.php?rest_route=\/wp\/v2\/posts\/23306","targetHints":{"allow":["GET"]}}],"collection":[{"href":"https:\/\/radiocresatelital.com\/index.php?rest_route=\/wp\/v2\/posts"}],"about":[{"href":"https:\/\/radiocresatelital.com\/index.php?rest_route=\/wp\/v2\/types\/post"}],"author":[{"embeddable":true,"href":"https:\/\/radiocresatelital.com\/index.php?rest_route=\/wp\/v2\/users\/2"}],"replies":[{"embeddable":true,"href":"https:\/\/radiocresatelital.com\/index.php?rest_route=%2Fwp%2Fv2%2Fcomments&post=23306"}],"version-history":[{"count":1,"href":"https:\/\/radiocresatelital.com\/index.php?rest_route=\/wp\/v2\/posts\/23306\/revisions"}],"predecessor-version":[{"id":23308,"href":"https:\/\/radiocresatelital.com\/index.php?rest_route=\/wp\/v2\/posts\/23306\/revisions\/23308"}],"wp:featuredmedia":[{"embeddable":true,"href":"https:\/\/radiocresatelital.com\/index.php?rest_route=\/wp\/v2\/media\/23307"}],"wp:attachment":[{"href":"https:\/\/radiocresatelital.com\/index.php?rest_route=%2Fwp%2Fv2%2Fmedia&parent=23306"}],"wp:term":[{"taxonomy":"category","embeddable":true,"href":"https:\/\/radiocresatelital.com\/index.php?rest_route=%2Fwp%2Fv2%2Fcategories&post=23306"},{"taxonomy":"post_tag","embeddable":true,"href":"https:\/\/radiocresatelital.com\/index.php?rest_route=%2Fwp%2Fv2%2Ftags&post=23306"}],"curies":[{"name":"wp","href":"https:\/\/api.w.org\/{rel}","templated":true}]}}