{"id":23300,"date":"2025-01-21T20:14:05","date_gmt":"2025-01-21T20:14:05","guid":{"rendered":"https:\/\/radiocresatelital.com\/?p=23300"},"modified":"2025-01-21T20:14:05","modified_gmt":"2025-01-21T20:14:05","slug":"70-camionetas-nuevas-aumentaran-la-capacidad-operativa-de-las-fuerzas-armadas","status":"publish","type":"post","link":"https:\/\/radiocresatelital.com\/?p=23300","title":{"rendered":"70 camionetas nuevas aumentar\u00e1n la capacidad operativa de las Fuerzas Armadas"},"content":{"rendered":"<p>Quito. \u2013 El Gobierno Nacional contin\u00faa fortaleciendo las capacidades operativas de las Fuerzas Armadas (FF.AA.) en su lucha contra el crimen organizado.<\/p>\n<p>Este 21 de enero de 2025, en una ceremonia militar realizada en el Fuerte Epiclachima, en el sur de Quito, el Ministerio de Defensa entreg\u00f3 70 camionetas Great Wall Power, reafirmando su compromiso con la seguridad de la ciudadan\u00eda y la defensa del territorio nacional.<\/p>\n<p>Los veh\u00edculos se distribuir\u00e1n estrat\u00e9gicamente para potenciar las operaciones en todo el pa\u00eds: 20 ser\u00e1n destinados a la Armada del Ecuador, 20 a la Fuerza A\u00e9rea Ecuatoriana, 12 al Ej\u00e9rcito Ecuatoriano y 18 al Comando Conjunto de las FF.AA.<\/p>\n<p>Estas nuevas unidades permitir\u00e1n incrementar los patrullajes disuasivos en zonas urbanas, reforzar los controles de armas, municiones y explosivos, trasladar personal y equipamiento durante las operaciones, y atender emergencias en \u00e1reas rurales o de dif\u00edcil acceso.<\/p>\n<p>Durante la ceremonia, el comandante General de la Armada, Miguel C\u00f3rdoba, mencion\u00f3 que los nuevos veh\u00edculos son herramientas necesarias acordes al trabajo y escenario actual que enfrenta el pa\u00eds: \u201cNuestro personal se sentir\u00e1 motivado y comprometido de mejor manera al cumplir con su vocaci\u00f3n y misi\u00f3n encomendada\u201d.<\/p>\n<p>Las 70 camionetas, con una garant\u00eda de 10 a\u00f1os, se suman a los 103 veh\u00edculos t\u00e1cticos multiprop\u00f3sito David y Mbombe que ya est\u00e1n en las calles, patrullando las zonas m\u00e1s conflictivas y de dif\u00edcil acceso a nivel nacional. La incorporaci\u00f3n de estos recursos demuestra la firme intenci\u00f3n del Gobierno Nacional de fortalecer la seguridad y recuperar la paz en Ecuador tras a\u00f1os de desatenci\u00f3n.<\/p>\n","protected":false},"excerpt":{"rendered":"<p>Quito. \u2013 El Gobierno Nacional contin\u00faa fortaleciendo las capacidades operativas de las Fuerzas Armadas (FF.AA.) en su lucha contra el crimen organizado. Este 21 de enero de 2025, en una ceremonia militar realizada en el Fuerte Epiclachima, en el sur de Quito, el Ministerio de Defensa entreg\u00f3 70 camionetas Great Wall Power, reafirmando su compromiso [&hellip;]<\/p>\n","protected":false},"author":2,"featured_media":23301,"comment_status":"open","ping_status":"closed","sticky":false,"template":"","format":"standard","meta":{"_jetpack_memberships_contains_paid_content":false,"footnotes":""},"categories":[13],"tags":[157],"class_list":["post-23300","post","type-post","status-publish","format-standard","has-post-thumbnail","hentry","category-noticias-nacionales","tag-gobierno-nacional"],"jetpack_featured_media_url":"https:\/\/radiocresatelital.com\/wp-content\/uploads\/2025\/01\/54278682717_d2a93d3f63_c.jpg","jetpack_sharing_enabled":true,"_links":{"self":[{"href":"https:\/\/radiocresatelital.com\/index.php?rest_route=\/wp\/v2\/posts\/23300","targetHints":{"allow":["GET"]}}],"collection":[{"href":"https:\/\/radiocresatelital.com\/index.php?rest_route=\/wp\/v2\/posts"}],"about":[{"href":"https:\/\/radiocresatelital.com\/index.php?rest_route=\/wp\/v2\/types\/post"}],"author":[{"embeddable":true,"href":"https:\/\/radiocresatelital.com\/index.php?rest_route=\/wp\/v2\/users\/2"}],"replies":[{"embeddable":true,"href":"https:\/\/radiocresatelital.com\/index.php?rest_route=%2Fwp%2Fv2%2Fcomments&post=23300"}],"version-history":[{"count":1,"href":"https:\/\/radiocresatelital.com\/index.php?rest_route=\/wp\/v2\/posts\/23300\/revisions"}],"predecessor-version":[{"id":23302,"href":"https:\/\/radiocresatelital.com\/index.php?rest_route=\/wp\/v2\/posts\/23300\/revisions\/23302"}],"wp:featuredmedia":[{"embeddable":true,"href":"https:\/\/radiocresatelital.com\/index.php?rest_route=\/wp\/v2\/media\/23301"}],"wp:attachment":[{"href":"https:\/\/radiocresatelital.com\/index.php?rest_route=%2Fwp%2Fv2%2Fmedia&parent=23300"}],"wp:term":[{"taxonomy":"category","embeddable":true,"href":"https:\/\/radiocresatelital.com\/index.php?rest_route=%2Fwp%2Fv2%2Fcategories&post=23300"},{"taxonomy":"post_tag","embeddable":true,"href":"https:\/\/radiocresatelital.com\/index.php?rest_route=%2Fwp%2Fv2%2Ftags&post=23300"}],"curies":[{"name":"wp","href":"https:\/\/api.w.org\/{rel}","templated":true}]}}