{"id":23292,"date":"2025-01-20T21:30:53","date_gmt":"2025-01-20T21:30:53","guid":{"rendered":"https:\/\/radiocresatelital.com\/?p=23292"},"modified":"2025-01-20T23:33:21","modified_gmt":"2025-01-20T23:33:21","slug":"contecon-guayaquil-transforma-la-logistica-bananera-con-la-primera-bodega-fria-al-pie-del-muelle","status":"publish","type":"post","link":"https:\/\/radiocresatelital.com\/?p=23292","title":{"rendered":"Contecon Guayaquil transforma la log\u00edstica bananera con la primera bodega fr\u00eda al pie del muelle"},"content":{"rendered":"<p>Guayaquil.- Guayaquil Banana Gateway, un proyecto pionero en el pa\u00eds ubicado directamente al pie del muelle: Contecon, en alianza con Cool Carriers, rompe todos los esquemas en la exportaci\u00f3n de banano con el lanzamiento de su revolucionario servicio de Bodega Fr\u00eda.\u00a0 Esta audaz innovaci\u00f3n coloca a Contecon y a Cool Carriers a la vanguardia de la tecnolog\u00eda de conservaci\u00f3n y env\u00edo, marcando un antes y un despu\u00e9s en la forma de exportar el banano ecuatoriano.<\/p>\n<p>Con esta nueva infraestructura, Cool Carriers aprovechar\u00e1 la oportunidad de llevar la eficiencia y la frescura a otro nivel, consolidando a Ecuador como l\u00edder mundial en la calidad de su banano.<\/p>\n<p><b><span lang=\"en\">\u00bfPor qu\u00e9 es disruptivo?<\/span><\/b><span lang=\"en\">\u00a0<\/span><\/p>\n<ul type=\"disc\">\n<li>Reducci\u00f3n dr\u00e1stica en tiempos de espera: Menos horas en tierra, m\u00e1s velocidad de despacho.<\/li>\n<li>Conservaci\u00f3n Premium: Temperaturas controladas al detalle, asegurando que la fruta llegue m\u00e1s fresca y en mejores condiciones.<\/li>\n<li>Ubicaci\u00f3n Estrat\u00e9gica: Al estar justo en el muelle, se optimiza cada minuto, garantizando la m\u00e1xima eficiencia en toda la cadena de suministro.<i>\u00a0<\/i><\/li>\n<\/ul>\n<p>\u00abComo sector portuario y log\u00edstico, hemos estado all\u00ed, y seguiremos siendo un pilar fundamental para el desarrollo del Ecuador. La excelencia es nuestro prop\u00f3sito y como socio del estado, estamos listos para continuar siendo la puerta de Ecuador al mundo y seguir cosechando frutos para el comercio y el pa\u00eds.\u00bb, mencion\u00f3\u00a0<b>Javier Lancha, CEO de Contecon Guayaquil.<\/b><b>\u00a0<\/b><\/p>\n<p>Con la inauguraci\u00f3n de Guayaquil Banana Gateway, se abre una nueva era en la exportaci\u00f3n de productos frescos, reforzando su compromiso de posicionar a Ecuador como referente de calidad en Am\u00e9rica Latina. Esta es la prueba contundente de c\u00f3mo la tecnolog\u00eda y el pensamiento visionario pueden transformar por completo un sector esencial para la econom\u00eda del pa\u00eds.<\/p>\n","protected":false},"excerpt":{"rendered":"<p>Guayaquil.- Guayaquil Banana Gateway, un proyecto pionero en el pa\u00eds ubicado directamente al pie del muelle: Contecon, en alianza con Cool Carriers, rompe todos los esquemas en la exportaci\u00f3n de banano con el lanzamiento de su revolucionario servicio de Bodega Fr\u00eda.\u00a0 Esta audaz innovaci\u00f3n coloca a Contecon y a Cool Carriers a la vanguardia de [&hellip;]<\/p>\n","protected":false},"author":2,"featured_media":23293,"comment_status":"open","ping_status":"closed","sticky":false,"template":"","format":"standard","meta":{"_jetpack_memberships_contains_paid_content":false,"footnotes":""},"categories":[13],"tags":[3660],"class_list":["post-23292","post","type-post","status-publish","format-standard","has-post-thumbnail","hentry","category-noticias-nacionales","tag-guayaquil-banana-gateway"],"jetpack_featured_media_url":"https:\/\/radiocresatelital.com\/wp-content\/uploads\/2025\/01\/GGSA_Inauguracion_Bodega_Fria_95-scaled.jpg","jetpack_sharing_enabled":true,"_links":{"self":[{"href":"https:\/\/radiocresatelital.com\/index.php?rest_route=\/wp\/v2\/posts\/23292","targetHints":{"allow":["GET"]}}],"collection":[{"href":"https:\/\/radiocresatelital.com\/index.php?rest_route=\/wp\/v2\/posts"}],"about":[{"href":"https:\/\/radiocresatelital.com\/index.php?rest_route=\/wp\/v2\/types\/post"}],"author":[{"embeddable":true,"href":"https:\/\/radiocresatelital.com\/index.php?rest_route=\/wp\/v2\/users\/2"}],"replies":[{"embeddable":true,"href":"https:\/\/radiocresatelital.com\/index.php?rest_route=%2Fwp%2Fv2%2Fcomments&post=23292"}],"version-history":[{"count":2,"href":"https:\/\/radiocresatelital.com\/index.php?rest_route=\/wp\/v2\/posts\/23292\/revisions"}],"predecessor-version":[{"id":23295,"href":"https:\/\/radiocresatelital.com\/index.php?rest_route=\/wp\/v2\/posts\/23292\/revisions\/23295"}],"wp:featuredmedia":[{"embeddable":true,"href":"https:\/\/radiocresatelital.com\/index.php?rest_route=\/wp\/v2\/media\/23293"}],"wp:attachment":[{"href":"https:\/\/radiocresatelital.com\/index.php?rest_route=%2Fwp%2Fv2%2Fmedia&parent=23292"}],"wp:term":[{"taxonomy":"category","embeddable":true,"href":"https:\/\/radiocresatelital.com\/index.php?rest_route=%2Fwp%2Fv2%2Fcategories&post=23292"},{"taxonomy":"post_tag","embeddable":true,"href":"https:\/\/radiocresatelital.com\/index.php?rest_route=%2Fwp%2Fv2%2Ftags&post=23292"}],"curies":[{"name":"wp","href":"https:\/\/api.w.org\/{rel}","templated":true}]}}