{"id":23289,"date":"2025-01-20T21:28:28","date_gmt":"2025-01-20T21:28:28","guid":{"rendered":"https:\/\/radiocresatelital.com\/?p=23289"},"modified":"2025-01-20T23:28:40","modified_gmt":"2025-01-20T23:28:40","slug":"la-fabril-promueve-la-educacion-y-el-bienestar-comunitario-en-ecuador","status":"publish","type":"post","link":"https:\/\/radiocresatelital.com\/?p=23289","title":{"rendered":"La Fabril promueve la educaci\u00f3n y el bienestar comunitario en Ecuador"},"content":{"rendered":"<p>Quito. \u2013 El 24 de enero se celebra el D\u00eda Internacional de la Educaci\u00f3n, proclamado por la UNESCO para resaltar la importancia de la educaci\u00f3n en la paz y el desarrollo. En este marco, La Fabril, una empresa ecuatoriana con m\u00e1s de 50 a\u00f1os de trayectoria, impulsa diversas iniciativas para promover la educaci\u00f3n en el pa\u00eds.<\/p>\n<p>Comprometida con la responsabilidad social empresarial, La Fabril desde el 2019 colabora con el programa \u00abUnidos por la Educaci\u00f3n\u00bb, una iniciativa que busca fortalecer el ecosistema educativo ecuatoriano y mejorar la calidad en zonas urbanas y rurales. Entre sus logros destacan la transformaci\u00f3n de instituciones educativas, la mejora de infraestructura y el establecimiento de alianzas estrat\u00e9gicas.<\/p>\n<p>Un ejemplo de esta labor es la rehabilitaci\u00f3n de la Unidad Educativa Bar\u00f3n de Carondelet en San Lorenzo, Esmeraldas, que beneficia a m\u00e1s de 180 estudiantes y 12 docentes entre 2023 y 2024. En 2022, se intervino en la escuela de Puerto La Boca en Puerto Cayo, beneficiando a cerca de 100 ni\u00f1os y 8 docentes. Estas acciones reflejan el compromiso de La Fabril con el acceso a una educaci\u00f3n de calidad en comunidades rurales.<\/p>\n<p>Adem\u00e1s, La Fabril implementa programas educativos y campa\u00f1as de salud que complementan sus esfuerzos en el \u00e1mbito comunitario. En colaboraci\u00f3n con el Instituto Culinario de las Artes (ICHE) y la Fundaci\u00f3n Fuegos, ha fomentado el desarrollo de j\u00f3venes talentos en gastronom\u00eda, ofreciendo becas y apoyando la candidatura de Manab\u00ed como Regi\u00f3n Gastron\u00f3mica Mundial 2026.<\/p>\n<p>En el \u00e1mbito de la salud, La Fabril, a trav\u00e9s de su marca \u00cdntima, combate la pobreza menstrual con la campa\u00f1a \u201cPor m\u00e1s Ni\u00f1as sin miedo\u201d, distribuyendo 9,000 kits de higiene menstrual y realizando charlas educativas en comunidades vulnerables. Asimismo, en colaboraci\u00f3n con Plan International Ecuador, implement\u00f3 el proyecto WASH para mejorar el acceso a agua y saneamiento, con el objetivo de beneficiar a 139,000 ni\u00f1as en 2025.<\/p>\n<p>Por otra parte, La Fabril cuenta con SERVEI, la cual es una unidad de negocio de la empresa, cuyo objetivo es comercializar y brindar soluciones integrales a los negocios de Restaurantes, Hoteles y Catering (HORECA) en Ecuador. A trav\u00e9s del Servicio de Asistencia T\u00e9cnica (SAT), la empresa brinda capacitaciones constantes a clientes panificadores sobre tendencias de panificaci\u00f3n.<\/p>\n<p>Internamente, en 2024, La Fabril realiz\u00f3 el lanzamiento de la \u201cAcademia La Fabril\u201d, un espacio para la formaci\u00f3n de sus colaboradores en liderazgo y desarrollo profesional. Esta acci\u00f3n refuerza el compromiso de la empresa con el crecimiento integral de su equipo humano, aline\u00e1ndose con su pilar estrat\u00e9gico \u00abPersonas Pr\u00f3speras y Saludables\u00bb.<\/p>\n<p>\u201cEn La Fabril, la educaci\u00f3n no solo es un compromiso, sino un eje central de nuestra pol\u00edtica ESG. A trav\u00e9s de nuestras iniciativas, buscamos impactar directamente en los Objetivos de Desarrollo Sostenible (ODS) relevantes. En 2025, nuestra meta es beneficiar a m\u00e1s personas en comunidades rurales y urbanas a trav\u00e9s de programas educativos y campa\u00f1as de salud integrales. Este enfoque refleja nuestro compromiso con el pilar \u00abPersonas Pr\u00f3speras y Saludables\u00bb, transformando vidas y fortaleciendo el tejido social del Ecuador\u201d. Afirm\u00f3, Alejandro Maldonado, Gerente de Proyectos y Sostenibilidad.<\/p>\n<p>De esta manera, La Fabril reafirma su compromiso con la educaci\u00f3n y el desarrollo comunitario, trabajando con aliados estrat\u00e9gicos para generar un impacto positivo en las comunidades m\u00e1s necesitadas de Ecuador y as\u00ed poder construir un futuro m\u00e1s brillante para todos<\/p>\n","protected":false},"excerpt":{"rendered":"<p>Quito. \u2013 El 24 de enero se celebra el D\u00eda Internacional de la Educaci\u00f3n, proclamado por la UNESCO para resaltar la importancia de la educaci\u00f3n en la paz y el desarrollo. En este marco, La Fabril, una empresa ecuatoriana con m\u00e1s de 50 a\u00f1os de trayectoria, impulsa diversas iniciativas para promover la educaci\u00f3n en el [&hellip;]<\/p>\n","protected":false},"author":2,"featured_media":23290,"comment_status":"open","ping_status":"closed","sticky":false,"template":"","format":"standard","meta":{"_jetpack_memberships_contains_paid_content":false,"footnotes":""},"categories":[13],"tags":[3659,3658],"class_list":["post-23289","post","type-post","status-publish","format-standard","has-post-thumbnail","hentry","category-noticias-nacionales","tag-dia-internacional-de-la-educacion","tag-unesco"],"jetpack_featured_media_url":"https:\/\/radiocresatelital.com\/wp-content\/uploads\/2025\/01\/Capacitacion-interna-diplomado-equipo-de-Marketing.jpeg","jetpack_sharing_enabled":true,"_links":{"self":[{"href":"https:\/\/radiocresatelital.com\/index.php?rest_route=\/wp\/v2\/posts\/23289","targetHints":{"allow":["GET"]}}],"collection":[{"href":"https:\/\/radiocresatelital.com\/index.php?rest_route=\/wp\/v2\/posts"}],"about":[{"href":"https:\/\/radiocresatelital.com\/index.php?rest_route=\/wp\/v2\/types\/post"}],"author":[{"embeddable":true,"href":"https:\/\/radiocresatelital.com\/index.php?rest_route=\/wp\/v2\/users\/2"}],"replies":[{"embeddable":true,"href":"https:\/\/radiocresatelital.com\/index.php?rest_route=%2Fwp%2Fv2%2Fcomments&post=23289"}],"version-history":[{"count":1,"href":"https:\/\/radiocresatelital.com\/index.php?rest_route=\/wp\/v2\/posts\/23289\/revisions"}],"predecessor-version":[{"id":23291,"href":"https:\/\/radiocresatelital.com\/index.php?rest_route=\/wp\/v2\/posts\/23289\/revisions\/23291"}],"wp:featuredmedia":[{"embeddable":true,"href":"https:\/\/radiocresatelital.com\/index.php?rest_route=\/wp\/v2\/media\/23290"}],"wp:attachment":[{"href":"https:\/\/radiocresatelital.com\/index.php?rest_route=%2Fwp%2Fv2%2Fmedia&parent=23289"}],"wp:term":[{"taxonomy":"category","embeddable":true,"href":"https:\/\/radiocresatelital.com\/index.php?rest_route=%2Fwp%2Fv2%2Fcategories&post=23289"},{"taxonomy":"post_tag","embeddable":true,"href":"https:\/\/radiocresatelital.com\/index.php?rest_route=%2Fwp%2Fv2%2Ftags&post=23289"}],"curies":[{"name":"wp","href":"https:\/\/api.w.org\/{rel}","templated":true}]}}