{"id":23269,"date":"2025-01-20T20:00:54","date_gmt":"2025-01-20T20:00:54","guid":{"rendered":"https:\/\/radiocresatelital.com\/?p=23269"},"modified":"2025-01-20T22:04:47","modified_gmt":"2025-01-20T22:04:47","slug":"metropolitan-touring-conmemora-el-dia-mundial-de-la-educacion-ambiental","status":"publish","type":"post","link":"https:\/\/radiocresatelital.com\/?p=23269","title":{"rendered":"Metropolitan Touring Conmemora el D\u00eda Mundial de la Educaci\u00f3n Ambiental"},"content":{"rendered":"<p>Quito.- Cada 26 de enero, el mundo conmemora el D\u00eda Mundial de la Educaci\u00f3n Ambiental, una fecha clave para sensibilizar a la poblaci\u00f3n sobre los desaf\u00edos ambientales que impactan tanto la calidad de vida como la salud del planeta.<\/p>\n<p>Este d\u00eda promueve la importancia de la educaci\u00f3n como herramienta para impulsar un desarrollo sostenible, un tema que ha ganado protagonismo en debates globales y en la agenda de l\u00edderes internacionales.<\/p>\n<p>El turismo sostenible brinda una oportunidad invaluable para conectar con los ecosistemas excepcionales que nos rodean. Mashpi Lodge inspira a exploradores de todo el mundo a valorar y proteger la naturaleza, destacando la urgencia de actuar hoy para asegurar un legado de conservaci\u00f3n para las generaciones futuras.<\/p>\n<p>Cada visita es una oportunidad para experimentar de cerca la biodiversidad del Choc\u00f3 Andino, mientras apoya activamente la preservaci\u00f3n de este entorno \u00fanico.<\/p>\n<p>El turismo sostenible brinda una oportunidad invaluable para conectar con los ecosistemas excepcionales que nos rodean. Mashpi Lodge inspira a exploradores de todo el mundo a valorar y proteger la naturaleza, destacando la urgencia de actuar hoy para asegurar un legado de conservaci\u00f3n para las generaciones futuras.<\/p>\n<p>Cada visita es una oportunidad para experimentar de cerca la biodiversidad del Choc\u00f3 Andino, mientras apoya activamente la preservaci\u00f3n de este entorno \u00fanico.<\/p>\n","protected":false},"excerpt":{"rendered":"<p>Quito.- Cada 26 de enero, el mundo conmemora el D\u00eda Mundial de la Educaci\u00f3n Ambiental, una fecha clave para sensibilizar a la poblaci\u00f3n sobre los desaf\u00edos ambientales que impactan tanto la calidad de vida como la salud del planeta. Este d\u00eda promueve la importancia de la educaci\u00f3n como herramienta para impulsar un desarrollo sostenible, un [&hellip;]<\/p>\n","protected":false},"author":2,"featured_media":23270,"comment_status":"open","ping_status":"closed","sticky":false,"template":"","format":"standard","meta":{"_jetpack_memberships_contains_paid_content":false,"footnotes":""},"categories":[13],"tags":[3655,3092],"class_list":["post-23269","post","type-post","status-publish","format-standard","has-post-thumbnail","hentry","category-noticias-nacionales","tag-dia-mundial-de-la-educacion-ambiental","tag-metropolitan-touring"],"jetpack_featured_media_url":"https:\/\/radiocresatelital.com\/wp-content\/uploads\/2025\/01\/WhatsApp-Image-2025-01-20-at-11.44.20.jpeg","jetpack_sharing_enabled":true,"_links":{"self":[{"href":"https:\/\/radiocresatelital.com\/index.php?rest_route=\/wp\/v2\/posts\/23269","targetHints":{"allow":["GET"]}}],"collection":[{"href":"https:\/\/radiocresatelital.com\/index.php?rest_route=\/wp\/v2\/posts"}],"about":[{"href":"https:\/\/radiocresatelital.com\/index.php?rest_route=\/wp\/v2\/types\/post"}],"author":[{"embeddable":true,"href":"https:\/\/radiocresatelital.com\/index.php?rest_route=\/wp\/v2\/users\/2"}],"replies":[{"embeddable":true,"href":"https:\/\/radiocresatelital.com\/index.php?rest_route=%2Fwp%2Fv2%2Fcomments&post=23269"}],"version-history":[{"count":1,"href":"https:\/\/radiocresatelital.com\/index.php?rest_route=\/wp\/v2\/posts\/23269\/revisions"}],"predecessor-version":[{"id":23271,"href":"https:\/\/radiocresatelital.com\/index.php?rest_route=\/wp\/v2\/posts\/23269\/revisions\/23271"}],"wp:featuredmedia":[{"embeddable":true,"href":"https:\/\/radiocresatelital.com\/index.php?rest_route=\/wp\/v2\/media\/23270"}],"wp:attachment":[{"href":"https:\/\/radiocresatelital.com\/index.php?rest_route=%2Fwp%2Fv2%2Fmedia&parent=23269"}],"wp:term":[{"taxonomy":"category","embeddable":true,"href":"https:\/\/radiocresatelital.com\/index.php?rest_route=%2Fwp%2Fv2%2Fcategories&post=23269"},{"taxonomy":"post_tag","embeddable":true,"href":"https:\/\/radiocresatelital.com\/index.php?rest_route=%2Fwp%2Fv2%2Ftags&post=23269"}],"curies":[{"name":"wp","href":"https:\/\/api.w.org\/{rel}","templated":true}]}}