{"id":23245,"date":"2025-01-20T20:39:48","date_gmt":"2025-01-20T20:39:48","guid":{"rendered":"https:\/\/radiocresatelital.com\/?p=23245"},"modified":"2025-01-20T20:40:02","modified_gmt":"2025-01-20T20:40:02","slug":"con-la-participacion-de-daniel-noboa-ecuador-estuvo-presente-por-primera-vez-pen-la-juramentacion-de-un-presidente-de-ee-uu","status":"publish","type":"post","link":"https:\/\/radiocresatelital.com\/?p=23245","title":{"rendered":"Con la participaci\u00f3n de Daniel Noboa, Ecuador estuvo presente por primera vez Pen la juramentaci\u00f3n de un Presidente de EE.UU."},"content":{"rendered":"<p>Washington D.C.. \u2013 Por primera vez en la historia, un mandatario ecuatoriano particip\u00f3 en la ceremonia de investidura presidencial en Estados Unidos. El presidente de la Rep\u00fablica, Daniel Noboa Azin, asisti\u00f3 este 20 de enero de 2025 a la juramentaci\u00f3n de Donald Trump como el 47.\u00ba presidente del pa\u00eds norteamericano. El evento se llev\u00f3 a cabo en el ic\u00f3nico Capitolio en Washington D.C., un espacio emblem\u00e1tico que conecta el Senado con la C\u00e1mara de Representantes.<\/p>\n<p>El Jefe de Estado ecuatoriano fue invitado junto a un grupo selecto de mandatarios internacionales, entre ellos Javier Milei (Argentina), Giorgia Meloni (Italia) y Edmundo Gonz\u00e1lez, presidente electo de Venezuela. Adem\u00e1s, destacadas figuras del mundo empresarial, como Elon Musk y Mark Zuckerberg, tambi\u00e9n estuvieron presentes en la ceremonia. Como parte de los actos inaugurales, Noboa y la Primera Dama, Lavinia Valbonesi, asistieron a una misa tradicional en St. John\u2019s Church, donde Noboa salud\u00f3 a su hom\u00f3logo argentino, Javier Milei.<\/p>\n<p>Durante el acto formal Donald Trump, ante el presidente de la Corte Suprema, John Roberts, jur\u00f3 defender la Constituci\u00f3n de Estados Unidos. Este acto marc\u00f3 el inicio de su segundo mandato presidencial.<\/p>\n<p>En discurso inaugural, Trump se\u00f1al\u00f3 su intenci\u00f3n de declarar a los carteles de drogas como organizaciones terroristas internacionales, una medida que resuena con la pol\u00edtica adoptada por Noboa, quien hizo una declaraci\u00f3n similar en enero del a\u00f1o pasado y ha mostrado su firme postura para responder conjuntamente a este flagelo que afecta a varias naciones.<\/p>\n<p>La invitaci\u00f3n a este importante acto al presidente Noboa refleja el fortalecimiento de las relaciones bilaterales entre Ecuador y Estados Unidos, consolidado durante esta administraci\u00f3n, y subrayando el inter\u00e9s de ambos pa\u00edses en promover la cooperaci\u00f3n mutua.<\/p>\n<p>Se prev\u00e9 que en horas de la tarde, el mandatario ecuatoriano mantenga reuniones con representantes del Banco Interamericano de Desarrollo y del sector empresarial<\/p>\n","protected":false},"excerpt":{"rendered":"<p>Washington D.C.. \u2013 Por primera vez en la historia, un mandatario ecuatoriano particip\u00f3 en la ceremonia de investidura presidencial en Estados Unidos. El presidente de la Rep\u00fablica, Daniel Noboa Azin, asisti\u00f3 este 20 de enero de 2025 a la juramentaci\u00f3n de Donald Trump como el 47.\u00ba presidente del pa\u00eds norteamericano. El evento se llev\u00f3 a [&hellip;]<\/p>\n","protected":false},"author":2,"featured_media":23246,"comment_status":"open","ping_status":"closed","sticky":false,"template":"","format":"standard","meta":{"_jetpack_memberships_contains_paid_content":false,"footnotes":""},"categories":[13],"tags":[1322],"class_list":["post-23245","post","type-post","status-publish","format-standard","has-post-thumbnail","hentry","category-noticias-nacionales","tag-presidente-daniel-noboa"],"jetpack_featured_media_url":"https:\/\/radiocresatelital.com\/wp-content\/uploads\/2025\/01\/15819430_trump-inauguration-img.jpg","jetpack_sharing_enabled":true,"_links":{"self":[{"href":"https:\/\/radiocresatelital.com\/index.php?rest_route=\/wp\/v2\/posts\/23245","targetHints":{"allow":["GET"]}}],"collection":[{"href":"https:\/\/radiocresatelital.com\/index.php?rest_route=\/wp\/v2\/posts"}],"about":[{"href":"https:\/\/radiocresatelital.com\/index.php?rest_route=\/wp\/v2\/types\/post"}],"author":[{"embeddable":true,"href":"https:\/\/radiocresatelital.com\/index.php?rest_route=\/wp\/v2\/users\/2"}],"replies":[{"embeddable":true,"href":"https:\/\/radiocresatelital.com\/index.php?rest_route=%2Fwp%2Fv2%2Fcomments&post=23245"}],"version-history":[{"count":1,"href":"https:\/\/radiocresatelital.com\/index.php?rest_route=\/wp\/v2\/posts\/23245\/revisions"}],"predecessor-version":[{"id":23247,"href":"https:\/\/radiocresatelital.com\/index.php?rest_route=\/wp\/v2\/posts\/23245\/revisions\/23247"}],"wp:featuredmedia":[{"embeddable":true,"href":"https:\/\/radiocresatelital.com\/index.php?rest_route=\/wp\/v2\/media\/23246"}],"wp:attachment":[{"href":"https:\/\/radiocresatelital.com\/index.php?rest_route=%2Fwp%2Fv2%2Fmedia&parent=23245"}],"wp:term":[{"taxonomy":"category","embeddable":true,"href":"https:\/\/radiocresatelital.com\/index.php?rest_route=%2Fwp%2Fv2%2Fcategories&post=23245"},{"taxonomy":"post_tag","embeddable":true,"href":"https:\/\/radiocresatelital.com\/index.php?rest_route=%2Fwp%2Fv2%2Ftags&post=23245"}],"curies":[{"name":"wp","href":"https:\/\/api.w.org\/{rel}","templated":true}]}}