{"id":23242,"date":"2025-01-20T20:32:51","date_gmt":"2025-01-20T20:32:51","guid":{"rendered":"https:\/\/radiocresatelital.com\/?p=23242"},"modified":"2025-01-20T20:32:51","modified_gmt":"2025-01-20T20:32:51","slug":"poliworking-el-nuevo-espacio-gratuito-de-coworking-en-policentro-para-estudiantes-profesionales-y-teletrabajadores","status":"publish","type":"post","link":"https:\/\/radiocresatelital.com\/?p=23242","title":{"rendered":"PoliWorking: El Nuevo Espacio Gratuito de Coworking en Policentro para Estudiantes, Profesionales y Teletrabajadores"},"content":{"rendered":"<p>Guayaquil.- Policentro abrir\u00e1 oficialmente PoliWorking, un innovador espacio gratuito de coworking dise\u00f1ado para quienes buscan un lugar c\u00f3modo y funcional para conectarse, estudiar, trabajar de manera remota o desarrollar proyectos. Con esta iniciativa, Policentro reafirma su compromiso de ofrecer mucho m\u00e1s que un lugar de compras, consolid\u00e1ndose como un aliado en el desarrollo personal y profesional de la comunidad.<\/p>\n<p>La inauguraci\u00f3n se llevar\u00e1 a cabo el pr\u00f3ximo 22 de enero en la planta alta del centro comercial, marcando el inicio de un proyecto que busca ser un recurso clave para estudiantes, freelancers, teletrabajadores y cualquier persona que valore un ambiente de trabajo inspirador y accesible.<\/p>\n<p>PoliWorking cuenta con capacidad para 56 personas, escritorios independientes y puntos<br \/>\nde energ\u00eda individualizados, ofreciendo un entorno dise\u00f1ado para fomentar la productividad, la colaboraci\u00f3n y la conexi\u00f3n. Los usuarios podr\u00e1n acceder gratuitamente por 90 minutos<br \/>\nal d\u00eda, en el horario regular del centro comercial, convirti\u00e9ndolo en una opci\u00f3n ideal para quienes necesitan un espacio vers\u00e1til y c\u00f3modo para sus actividades.<\/p>\n<p>\u201cPoliWorking es una extensi\u00f3n de nuestro compromiso con la comunidad. Es un espacio pensado para adaptarse a las necesidades actuales de trabajar, estudiar y crear en un entorno din\u00e1mico, accesible y c\u00f3modo. Este es un paso m\u00e1s para fortalecer el v\u00ednculo entre Policentro y nuestros visitantes,\u201d se\u00f1al\u00f3 Mariella Pesantes, Jefa de Marketing de Policentro.<\/p>\n","protected":false},"excerpt":{"rendered":"<p>Guayaquil.- Policentro abrir\u00e1 oficialmente PoliWorking, un innovador espacio gratuito de coworking dise\u00f1ado para quienes buscan un lugar c\u00f3modo y funcional para conectarse, estudiar, trabajar de manera remota o desarrollar proyectos. Con esta iniciativa, Policentro reafirma su compromiso de ofrecer mucho m\u00e1s que un lugar de compras, consolid\u00e1ndose como un aliado en el desarrollo personal y [&hellip;]<\/p>\n","protected":false},"author":2,"featured_media":23243,"comment_status":"open","ping_status":"closed","sticky":false,"template":"","format":"standard","meta":{"_jetpack_memberships_contains_paid_content":false,"footnotes":""},"categories":[13],"tags":[3652],"class_list":["post-23242","post","type-post","status-publish","format-standard","has-post-thumbnail","hentry","category-noticias-nacionales","tag-policentro"],"jetpack_featured_media_url":"https:\/\/radiocresatelital.com\/wp-content\/uploads\/2025\/01\/WhatsApp-Image-2025-01-20-at-15.02.58.jpeg","jetpack_sharing_enabled":true,"_links":{"self":[{"href":"https:\/\/radiocresatelital.com\/index.php?rest_route=\/wp\/v2\/posts\/23242","targetHints":{"allow":["GET"]}}],"collection":[{"href":"https:\/\/radiocresatelital.com\/index.php?rest_route=\/wp\/v2\/posts"}],"about":[{"href":"https:\/\/radiocresatelital.com\/index.php?rest_route=\/wp\/v2\/types\/post"}],"author":[{"embeddable":true,"href":"https:\/\/radiocresatelital.com\/index.php?rest_route=\/wp\/v2\/users\/2"}],"replies":[{"embeddable":true,"href":"https:\/\/radiocresatelital.com\/index.php?rest_route=%2Fwp%2Fv2%2Fcomments&post=23242"}],"version-history":[{"count":1,"href":"https:\/\/radiocresatelital.com\/index.php?rest_route=\/wp\/v2\/posts\/23242\/revisions"}],"predecessor-version":[{"id":23244,"href":"https:\/\/radiocresatelital.com\/index.php?rest_route=\/wp\/v2\/posts\/23242\/revisions\/23244"}],"wp:featuredmedia":[{"embeddable":true,"href":"https:\/\/radiocresatelital.com\/index.php?rest_route=\/wp\/v2\/media\/23243"}],"wp:attachment":[{"href":"https:\/\/radiocresatelital.com\/index.php?rest_route=%2Fwp%2Fv2%2Fmedia&parent=23242"}],"wp:term":[{"taxonomy":"category","embeddable":true,"href":"https:\/\/radiocresatelital.com\/index.php?rest_route=%2Fwp%2Fv2%2Fcategories&post=23242"},{"taxonomy":"post_tag","embeddable":true,"href":"https:\/\/radiocresatelital.com\/index.php?rest_route=%2Fwp%2Fv2%2Ftags&post=23242"}],"curies":[{"name":"wp","href":"https:\/\/api.w.org\/{rel}","templated":true}]}}