{"id":23228,"date":"2025-01-20T16:49:34","date_gmt":"2025-01-20T16:49:34","guid":{"rendered":"https:\/\/radiocresatelital.com\/?p=23228"},"modified":"2025-01-20T16:49:34","modified_gmt":"2025-01-20T16:49:34","slug":"el-debate-parte-1","status":"publish","type":"post","link":"https:\/\/radiocresatelital.com\/?p=23228","title":{"rendered":"EL DEBATE parte 1"},"content":{"rendered":"<p>Quito.- El debate, requisito de la campa\u00f1a electoral presidencial en Ecuador, se realiz\u00f3 anoche en el set de Ecuador TV, dividiendo a los 16 candidatos en dos grupos, tal como se lo hab\u00eda anunciado.<\/p>\n<p>Preguntas, respuestas, iron\u00edas y hasta groser\u00edas verbales, que dibujaron a cada uno de los candidatos.<\/p>\n<p>Aqu\u00ed un extracto de cada uno de ellos:<\/p>\n<p>Primer Grupo<\/p>\n<p>Henry Cucal\u00f3n: Dijo que Ecuador no se merece la pel\u00edcula de horror que el corre\u00edsmo y el nobo\u00edsmo han generado y asegur\u00f3 que le pondr\u00e1 precio a la cabeza de los delincuentes. Cucal\u00f3n asegur\u00f3 que \u00e9l \u00abno miente por cada diente\u00bbcomo lo ha hecho quien prometi\u00f3 hasta c\u00e1rceles barcazas y no ha cumplido,en clara alusi\u00f3n al actual mandatario Daniel Noboa.<\/p>\n<p>Defendi\u00f3 las concesiones y respondi\u00f3 con la frase Eres o te haces? Cuado el presidente le pregunt\u00f3 si concesionar\u00eda el campo petrolero Sacha.<\/p>\n<p>Henry Kronfle: El candidato socialcristiano, reiter\u00f3 su promesa de campa\u00f1a de poner dinero en el bolsillo de los ecuatorianos, prometi\u00f3 extraditar a Rafael Correa y afirm\u00f3 que su palabra vale m\u00e1s que su firma.<\/p>\n<p>Adem\u00e1s, dijo que liquidar\u00e1 a Petroecuador.<\/p>\n<p>Jimmy Jairala: \u00abHoy Ecuador vive su pero momento. Nos dividieron con odio y nos robaron el futuro\u00bb, resalt\u00f3 el exprefecto, habl\u00f3 tambi\u00e9n de luchar contra la delincuencia, aclarando que no habr\u00e1 ninguna bala para los ni\u00f1os sino para los delincuentes.<\/p>\n<p>Jorge Escala: Advirti\u00f3 que le tomar\u00eda la lecci\u00f3n a Daniel Noboa y lo increp\u00f3 a pagar el dinero que el Grupo Noboa le debe al SRI y dijo que el primer d\u00eda que se siente en Carondelet, por decreto dar\u00e1 de baja a los narcogenerales y luchar\u00e1 contra la delincuencia, aunque la ausencia de c\u00f3mo lo har\u00eda fue la constante ausente en su intervenci\u00f3n.<\/p>\n<p>V\u00edctor Ar\u00e1uz: Fue radical en su concepto de luchar contra la delincuencia. \u00abQue los perdone Dios, yo se los env\u00edo\u201d Ar\u00e1uz, dijo ser la \u00fanica opci\u00f3n para cambiar el pa\u00eds, y destac\u00f3 su firme postura contra la delincuencia y la corrupci\u00f3n, asegurando que enfrentar\u00e1 estos problemas con determinaci\u00f3n.<\/p>\n<p>Tambi\u00e9n asegur\u00f3 que no permitir\u00e1 la ideolog\u00eda de g\u00e9nero en las escuelas y que promover\u00e1 una educaci\u00f3n en valores.<\/p>\n<p>Prometi\u00f3 construir 3 nuevas c\u00e1rceles y 3 cementerios.<\/p>\n<p>Daniel Noboa: El candidato presidente, centro su intervenci\u00f3n en la aseveraci\u00f3n de que est\u00e1 trabajando para que el pasado no vuelva, dio cifras que dan cuenta de resultados positivos obtenidos en el control a la delincuencia. Dijo que realizaron a tiempo intervenciones en el sector el\u00e9ctrico, pero el retraso era de muchas d\u00e9cadas.<\/p>\n<p>&nbsp;<\/p>\n<p>Francesco Tabacchi:\u00abCadena perpetua para los asesinos, violadores, \u2018vacunadores\u2019, terroristas, jueces y fiscales corruptos que los dejan libres\u00bb , fue lo que propuso, Francesco Tabacchi, candidato presidencial por CREO, quien adem\u00e1s promueve los \u00abEscuadrones de la Pacificaci\u00f3n\u00bb.<\/p>\n<p>Tabacchi, pregunt\u00f3 a Daniel Noboa, los nombres de los 4 ni\u00f1os de Las Malvinas, lo cual no fue contestado.<\/p>\n<p>Luis Felipe Tiller\u00eda: Dijo que va a resetear el sistema del Ecuador y lo va a enrumbar al primer mundo. Habl\u00f3 de disminuir la burocracia, modernizar el estado con servicios digitalizados que utilice la inteligencia artificial. Repiti\u00f3 por varias ocasiones que con Tiller\u00eda se acabar\u00e1 la piller\u00eda y pidi\u00f3 a la gente honesta que le env\u00ede sus curriculums a una direcci\u00f3n digital que proporcion\u00f3 para emplearlos en su futuro gobierno.<\/p>\n<p>Juan Iv\u00e1n Cueva: Inici\u00f3 poniendose una careta de anonymus, prometi\u00f3 celulares gratis para que nadie tenga que morir por el robo de \u00e9stos dispositivos, tambi\u00e9n hablo sobre incluir la inteligencia artificial y finalmente, utiliz\u00f3 un lenguaje disonante para decir que estaba cansado de los problemas sin soluci\u00f3n en el Ecuador.<\/p>\n<p><span class=\"css-1jxf684 r-bcqeeo r-1ttztb7 r-qvutc0 r-poiln3\">\u00abTe han cuenteado de que solamente existen dos opciones, Ecuador es m\u00e1s. Todos unidos indios, negros, blancos, cholos, gays, heterosexuales, s\u00ed se puede\u00bb, dijo finalmente, <\/span><span class=\"css-1jxf684 r-bcqeeo r-1ttztb7 r-qvutc0 r-poiln3 r-b88u0q\">Juan<\/span> <span class=\"css-1jxf684 r-bcqeeo r-1ttztb7 r-qvutc0 r-poiln3 r-b88u0q\">Iv\u00e1n<\/span> <span class=\"css-1jxf684 r-bcqeeo r-1ttztb7 r-qvutc0 r-poiln3 r-b88u0q\">Cueva<\/span><span class=\"css-1jxf684 r-bcqeeo r-1ttztb7 r-qvutc0 r-poiln3\">, candidato por Amigo <\/span><\/p>\n<p>&nbsp;<\/p>\n<p>&nbsp;<\/p>\n","protected":false},"excerpt":{"rendered":"<p>Quito.- El debate, requisito de la campa\u00f1a electoral presidencial en Ecuador, se realiz\u00f3 anoche en el set de Ecuador TV, dividiendo a los 16 candidatos en dos grupos, tal como se lo hab\u00eda anunciado. Preguntas, respuestas, iron\u00edas y hasta groser\u00edas verbales, que dibujaron a cada uno de los candidatos. Aqu\u00ed un extracto de cada uno [&hellip;]<\/p>\n","protected":false},"author":3,"featured_media":23229,"comment_status":"open","ping_status":"closed","sticky":false,"template":"","format":"standard","meta":{"_jetpack_memberships_contains_paid_content":false,"footnotes":""},"categories":[13],"tags":[3650],"class_list":["post-23228","post","type-post","status-publish","format-standard","has-post-thumbnail","hentry","category-noticias-nacionales","tag-eldebate"],"jetpack_featured_media_url":"https:\/\/radiocresatelital.com\/wp-content\/uploads\/2025\/01\/debate-1.jpeg","jetpack_sharing_enabled":true,"_links":{"self":[{"href":"https:\/\/radiocresatelital.com\/index.php?rest_route=\/wp\/v2\/posts\/23228","targetHints":{"allow":["GET"]}}],"collection":[{"href":"https:\/\/radiocresatelital.com\/index.php?rest_route=\/wp\/v2\/posts"}],"about":[{"href":"https:\/\/radiocresatelital.com\/index.php?rest_route=\/wp\/v2\/types\/post"}],"author":[{"embeddable":true,"href":"https:\/\/radiocresatelital.com\/index.php?rest_route=\/wp\/v2\/users\/3"}],"replies":[{"embeddable":true,"href":"https:\/\/radiocresatelital.com\/index.php?rest_route=%2Fwp%2Fv2%2Fcomments&post=23228"}],"version-history":[{"count":1,"href":"https:\/\/radiocresatelital.com\/index.php?rest_route=\/wp\/v2\/posts\/23228\/revisions"}],"predecessor-version":[{"id":23230,"href":"https:\/\/radiocresatelital.com\/index.php?rest_route=\/wp\/v2\/posts\/23228\/revisions\/23230"}],"wp:featuredmedia":[{"embeddable":true,"href":"https:\/\/radiocresatelital.com\/index.php?rest_route=\/wp\/v2\/media\/23229"}],"wp:attachment":[{"href":"https:\/\/radiocresatelital.com\/index.php?rest_route=%2Fwp%2Fv2%2Fmedia&parent=23228"}],"wp:term":[{"taxonomy":"category","embeddable":true,"href":"https:\/\/radiocresatelital.com\/index.php?rest_route=%2Fwp%2Fv2%2Fcategories&post=23228"},{"taxonomy":"post_tag","embeddable":true,"href":"https:\/\/radiocresatelital.com\/index.php?rest_route=%2Fwp%2Fv2%2Ftags&post=23228"}],"curies":[{"name":"wp","href":"https:\/\/api.w.org\/{rel}","templated":true}]}}