{"id":23210,"date":"2025-01-16T23:15:54","date_gmt":"2025-01-16T23:15:54","guid":{"rendered":"https:\/\/radiocresatelital.com\/?p=23210"},"modified":"2025-01-16T23:15:54","modified_gmt":"2025-01-16T23:15:54","slug":"el-primer-censo-agropecuario-del-guayas-marca-un-hito-historico-para-mejorar-la-planificacion-y-la-produccion","status":"publish","type":"post","link":"https:\/\/radiocresatelital.com\/?p=23210","title":{"rendered":"El Primer Censo Agropecuario del Guayas marca un hito hist\u00f3rico para mejorar la planificaci\u00f3n y la producci\u00f3n"},"content":{"rendered":"<p><span style=\"font-weight: 400;\">Milagro.- En un entretenido y multitudinario acto desarrollado en el coliseo Ecuador Mart\u00ednez Collazo, en Milagro, la prefecta Marcela Agui\u00f1aga realiz\u00f3 el lanzamiento oficial del Primer Censo Agropecuario del Guayas.<\/span><\/p>\n<p><span style=\"font-weight: 400;\">A la ejecutiva guayasense la acompa\u00f1aron el viceprefecto Carlos Serrano, autoridades de la Universidad Cat\u00f3lica de Santiago de Guayaquil, alcaldes de diferentes cantones, y miles de campesinos y ganaderos de toda la provincia.<\/span><\/p>\n<p><span style=\"font-weight: 400;\">El censo es gratuito y se realiza en convenio con la Universidad Cat\u00f3lica. La inversi\u00f3n de la Prefectura Ciudadana del Guayas es de 2 millones de d\u00f3lares y el tiempo de ejecuci\u00f3n es de nueve meses. De acuerdo con el cronograma, hasta marzo se realizar\u00e1 el proceso de socializaci\u00f3n; en abril, empezar\u00e1 la recolecci\u00f3n de informaci\u00f3n por parte del personal que estar\u00e1 debidamente uniformado e identificado mientras que a las personas censadas solo se les pedir\u00e1 que presenten la c\u00e9dula. En octubre, se espera tener los primeros resultados.\u00a0<\/span><\/p>\n<p><span style=\"font-weight: 400;\">Es la primera vez en la historia del pa\u00eds que se realiza un censo provincial. Este consiste en efectuar un levantamiento de las unidades productivas peque\u00f1as, medianas y grandes, el n\u00famero de productores, su ubicaci\u00f3n, etc.; adem\u00e1s, se determinar\u00e1n las condiciones socioecon\u00f3micas; y una georreferenciaci\u00f3n.\u00a0<\/span><\/p>\n<p><span style=\"font-weight: 400;\">\u201cEsto nos permitir\u00e1 identificar a nuestros peque\u00f1os, medianos y grandes agricultores, sino tambi\u00e9n ganaderos, y por otro lado afinar las inversiones que hace la Prefectura, as\u00ed como tambi\u00e9n planificar la obra de infraestructura: riego, drenaje para que podamos producir de mejor manera\u201d, explic\u00f3 la prefecta Agui\u00f1aga, quien record\u00f3 que no se necesita de una ley para realizar el censo.<\/span><\/p>\n<p><span style=\"font-weight: 400;\">Los resultados permitir\u00e1n optimizar la toma de decisiones dentro de la Prefectura Ciudadana del Guayas y, adem\u00e1s, se compartir\u00e1 la informaci\u00f3n con otros organismos. \u201cB\u00e1sicamente, lo que nos va a permitir es tener un plan de desarrollo productivo, actualizado, acorde a la realidad en la provincia del Guayas y que luego, en el mes de octubre, carnetizar a cada agricultor, de manera que los subsidios, los incentivos y la obra llegue a quien realmente la necesita\u201d, explic\u00f3 la ejecutiva guayasense.<\/span><\/p>\n","protected":false},"excerpt":{"rendered":"<p>Milagro.- En un entretenido y multitudinario acto desarrollado en el coliseo Ecuador Mart\u00ednez Collazo, en Milagro, la prefecta Marcela Agui\u00f1aga realiz\u00f3 el lanzamiento oficial del Primer Censo Agropecuario del Guayas. A la ejecutiva guayasense la acompa\u00f1aron el viceprefecto Carlos Serrano, autoridades de la Universidad Cat\u00f3lica de Santiago de Guayaquil, alcaldes de diferentes cantones, y miles [&hellip;]<\/p>\n","protected":false},"author":2,"featured_media":23211,"comment_status":"open","ping_status":"closed","sticky":false,"template":"","format":"standard","meta":{"_jetpack_memberships_contains_paid_content":false,"footnotes":""},"categories":[13],"tags":[2699,415],"class_list":["post-23210","post","type-post","status-publish","format-standard","has-post-thumbnail","hentry","category-noticias-nacionales","tag-prefecta-marcela-aguinaga","tag-prefectura-ciudadana-del-guayas"],"jetpack_featured_media_url":"https:\/\/radiocresatelital.com\/wp-content\/uploads\/2025\/01\/WhatsApp-Image-2025-01-16-at-17.22.59-1.jpeg","jetpack_sharing_enabled":true,"_links":{"self":[{"href":"https:\/\/radiocresatelital.com\/index.php?rest_route=\/wp\/v2\/posts\/23210","targetHints":{"allow":["GET"]}}],"collection":[{"href":"https:\/\/radiocresatelital.com\/index.php?rest_route=\/wp\/v2\/posts"}],"about":[{"href":"https:\/\/radiocresatelital.com\/index.php?rest_route=\/wp\/v2\/types\/post"}],"author":[{"embeddable":true,"href":"https:\/\/radiocresatelital.com\/index.php?rest_route=\/wp\/v2\/users\/2"}],"replies":[{"embeddable":true,"href":"https:\/\/radiocresatelital.com\/index.php?rest_route=%2Fwp%2Fv2%2Fcomments&post=23210"}],"version-history":[{"count":1,"href":"https:\/\/radiocresatelital.com\/index.php?rest_route=\/wp\/v2\/posts\/23210\/revisions"}],"predecessor-version":[{"id":23212,"href":"https:\/\/radiocresatelital.com\/index.php?rest_route=\/wp\/v2\/posts\/23210\/revisions\/23212"}],"wp:featuredmedia":[{"embeddable":true,"href":"https:\/\/radiocresatelital.com\/index.php?rest_route=\/wp\/v2\/media\/23211"}],"wp:attachment":[{"href":"https:\/\/radiocresatelital.com\/index.php?rest_route=%2Fwp%2Fv2%2Fmedia&parent=23210"}],"wp:term":[{"taxonomy":"category","embeddable":true,"href":"https:\/\/radiocresatelital.com\/index.php?rest_route=%2Fwp%2Fv2%2Fcategories&post=23210"},{"taxonomy":"post_tag","embeddable":true,"href":"https:\/\/radiocresatelital.com\/index.php?rest_route=%2Fwp%2Fv2%2Ftags&post=23210"}],"curies":[{"name":"wp","href":"https:\/\/api.w.org\/{rel}","templated":true}]}}