{"id":23133,"date":"2025-01-15T00:18:53","date_gmt":"2025-01-15T00:18:53","guid":{"rendered":"https:\/\/radiocresatelital.com\/?p=23133"},"modified":"2025-01-15T00:18:53","modified_gmt":"2025-01-15T00:18:53","slug":"en-mayo-samborondon-sera-sede-de-la-copa-panamericana-de-marcha-2025","status":"publish","type":"post","link":"https:\/\/radiocresatelital.com\/?p=23133","title":{"rendered":"En mayo, Samborond\u00f3n ser\u00e1 sede de la Copa Panamericana de Marcha 2025"},"content":{"rendered":"<p>Samborond\u00f3n, la primera Ciudad Americana del Deporte del Ecuador, certificada por la organizaci\u00f3n ACES, ser\u00e1 la sede de la Copa Panamericana de Marcha en mayo de 2025. El anuncio se dio tras una reuni\u00f3n entre el alcalde Juan Jos\u00e9 Y\u00fanez, el ministro del Deporte, Jos\u00e9 David Jim\u00e9nez; el presidente del Comit\u00e9 Ol\u00edmpico Ecuatoriano (COE), Jorge Delgado Panchana; representantes de World Athletics, la<br \/>\nConfederaci\u00f3n Panamericana de Atletismo y la Federaci\u00f3n Ecuatoriana de Atletismo. Adem\u00e1s, el campe\u00f3n ol\u00edmpico ecuatoriano Jefferson P\u00e9rez formar\u00e1 parte del comit\u00e9 organizador del evento.<\/p>\n<p>El alcalde Y\u00fanez destac\u00f3 la importancia de la colaboraci\u00f3n entre el Municipio, el Ministerio del Deporte y las entidades deportivas nacionales para desarrollar un evento de tal magnitud. \u201cEste campeonato ser\u00e1 una oportunidad \u00fanica para posicionar a Samborond\u00f3n y al Ecuador como un referente en la\u00a0 organizaci\u00f3n de grandes competencias\u201d, se\u00f1al\u00f3.<\/p>\n<p>La competencia se desarrollar\u00e1 en las nuevas infraestructuras viales que la Alcald\u00eda est\u00e1 construyendo en el sector de La Puntilla, las cuales estar\u00e1n listas para recibir a alrededor de 200 marchistas nacionales e internacionales. Entre los deportistas m\u00e1s destacados que participar\u00e1n figuran los campeones ol\u00edmpicos Daniel Pintado y Glenda Morej\u00f3n, as\u00ed como el campe\u00f3n de los Juegos Panamericanos, David Hurtado.<\/p>\n<p>Tambi\u00e9n estar\u00e1n presentes los atletas ol\u00edmpicos Paula Torres y Jordy Jim\u00e9nez.<\/p>\n<p>El evento deportivo contar\u00e1 con cuatro categor\u00edas:<br \/>\n\uf0de 35km (adultos desde 20 a\u00f1os, hombres y mujeres)<br \/>\n\uf0de 20km (adultos desde 20 a\u00f1os, hombres y mujeres)<br \/>\n\uf0de 10km (juveniles de 19 y 18 a\u00f1os, hombres y mujeres)<br \/>\n\uf0de 5km (pre juveniles de 17 a 16 a\u00f1os, hombres y mujeres)<\/p>\n<p>Manuel Bravo, presidente de la Federaci\u00f3n Ecuatoriana de Atletismo, resalt\u00f3 que Samborond\u00f3n ha demostrado estar a la altura de las grandes ciudades del olimpismo, gracias a su infraestructura y compromiso con el deporte. \u201cEs fundamental que la ciudadan\u00eda participe en estos eventos, que no solo contribuyen al desarrollo deportivo de la ciudad, sino tambi\u00e9n al crecimiento del deporte a nivel nacional\u201d, puntualiz\u00f3.<\/p>\n<p>Con la realizaci\u00f3n de la Copa Panamericana de Marcha, Samborond\u00f3n se posiciona como un serio candidato para albergar el Mundial de Marcha 2026, evento que ser\u00eda el primero de esta magnitud en Latinoam\u00e9rica. La designaci\u00f3n oficial ser\u00e1 anunciada en los pr\u00f3ximos meses por World Athletics.<\/p>\n","protected":false},"excerpt":{"rendered":"<p>Samborond\u00f3n, la primera Ciudad Americana del Deporte del Ecuador, certificada por la organizaci\u00f3n ACES, ser\u00e1 la sede de la Copa Panamericana de Marcha en mayo de 2025. El anuncio se dio tras una reuni\u00f3n entre el alcalde Juan Jos\u00e9 Y\u00fanez, el ministro del Deporte, Jos\u00e9 David Jim\u00e9nez; el presidente del Comit\u00e9 Ol\u00edmpico Ecuatoriano (COE), Jorge [&hellip;]<\/p>\n","protected":false},"author":2,"featured_media":23134,"comment_status":"open","ping_status":"closed","sticky":false,"template":"","format":"standard","meta":{"_jetpack_memberships_contains_paid_content":false,"footnotes":""},"categories":[9],"tags":[3636],"class_list":["post-23133","post","type-post","status-publish","format-standard","has-post-thumbnail","hentry","category-deportes","tag-ciudad-americana-del-deporte-del-ecuador"],"jetpack_featured_media_url":"https:\/\/radiocresatelital.com\/wp-content\/uploads\/2025\/01\/WhatsApp-Image-2025-01-14-at-2.05.07-PM-1068x712-1.jpeg","jetpack_sharing_enabled":true,"_links":{"self":[{"href":"https:\/\/radiocresatelital.com\/index.php?rest_route=\/wp\/v2\/posts\/23133","targetHints":{"allow":["GET"]}}],"collection":[{"href":"https:\/\/radiocresatelital.com\/index.php?rest_route=\/wp\/v2\/posts"}],"about":[{"href":"https:\/\/radiocresatelital.com\/index.php?rest_route=\/wp\/v2\/types\/post"}],"author":[{"embeddable":true,"href":"https:\/\/radiocresatelital.com\/index.php?rest_route=\/wp\/v2\/users\/2"}],"replies":[{"embeddable":true,"href":"https:\/\/radiocresatelital.com\/index.php?rest_route=%2Fwp%2Fv2%2Fcomments&post=23133"}],"version-history":[{"count":1,"href":"https:\/\/radiocresatelital.com\/index.php?rest_route=\/wp\/v2\/posts\/23133\/revisions"}],"predecessor-version":[{"id":23135,"href":"https:\/\/radiocresatelital.com\/index.php?rest_route=\/wp\/v2\/posts\/23133\/revisions\/23135"}],"wp:featuredmedia":[{"embeddable":true,"href":"https:\/\/radiocresatelital.com\/index.php?rest_route=\/wp\/v2\/media\/23134"}],"wp:attachment":[{"href":"https:\/\/radiocresatelital.com\/index.php?rest_route=%2Fwp%2Fv2%2Fmedia&parent=23133"}],"wp:term":[{"taxonomy":"category","embeddable":true,"href":"https:\/\/radiocresatelital.com\/index.php?rest_route=%2Fwp%2Fv2%2Fcategories&post=23133"},{"taxonomy":"post_tag","embeddable":true,"href":"https:\/\/radiocresatelital.com\/index.php?rest_route=%2Fwp%2Fv2%2Ftags&post=23133"}],"curies":[{"name":"wp","href":"https:\/\/api.w.org\/{rel}","templated":true}]}}