{"id":22855,"date":"2025-01-08T21:03:58","date_gmt":"2025-01-08T21:03:58","guid":{"rendered":"https:\/\/radiocresatelital.com\/?p=22855"},"modified":"2025-01-08T21:04:11","modified_gmt":"2025-01-08T21:04:11","slug":"maiceros-empiezan-bien-el-ano-con-semillas-certificadas-gratuitas","status":"publish","type":"post","link":"https:\/\/radiocresatelital.com\/?p=22855","title":{"rendered":"Maiceros empiezan bien el a\u00f1o con semillas certificadas gratuitas"},"content":{"rendered":"<p><span style=\"font-weight: 400;\">Guayaquil.- En un gesto que refleja su compromiso con el desarrollo agr\u00edcola de la provincia, la Prefectura Ciudadana del Guayas entreg\u00f3 semillas certificadas de ma\u00edz, de manera gratuita, a 844 peque\u00f1os productores pertenecientes a 33 grupos agr\u00edcolas.<\/span><\/p>\n<p>Esta acci\u00f3n marca un prometedor inicio de a\u00f1o para las familias campesinas, reforzando su productividad y sostenibilidad, y brind\u00e1ndoles nuevas oportunidades para su crecimiento.<\/p>\n<p><span style=\"font-weight: 400;\">La entrega se realiz\u00f3 en un evento especial en el estadio del barrio Colimes, en Balzar, donde el viceprefecto Carlos Serrano destac\u00f3 la importancia de apoyar a los peque\u00f1os agricultores como motores de la econom\u00eda local.\u00a0<\/span><\/p>\n<p><span style=\"font-weight: 400;\">\u201cCon estas semillas certificadas, estamos no solo ayudando a incrementar la calidad y cantidad de sus cultivos, sino tambi\u00e9n apostando al fortalecimiento de la seguridad alimentaria y el bienestar de las familias de nuestra provincia\u201d, se\u00f1al\u00f3 el viceprefecto Serrano.<\/span><\/p>\n<p><span style=\"font-weight: 400;\">Dionicio Garc\u00eda, de la Asociaci\u00f3n Agropecuaria Nueva Generaci\u00f3n Las Pampas, agradeci\u00f3 a nombre de los participantes. \u201cGracias a la prefecta Marcela Agui\u00f1aga, ahora tenemos mejores oportunidades para sembrar y obtener buenos rendimientos en nuestras cosechas. Esto significa mucho para nosotros\u201d, expres\u00f3.<\/span><\/p>\n","protected":false},"excerpt":{"rendered":"<p>Guayaquil.- En un gesto que refleja su compromiso con el desarrollo agr\u00edcola de la provincia, la Prefectura Ciudadana del Guayas entreg\u00f3 semillas certificadas de ma\u00edz, de manera gratuita, a 844 peque\u00f1os productores pertenecientes a 33 grupos agr\u00edcolas. Esta acci\u00f3n marca un prometedor inicio de a\u00f1o para las familias campesinas, reforzando su productividad y sostenibilidad, y [&hellip;]<\/p>\n","protected":false},"author":2,"featured_media":22856,"comment_status":"open","ping_status":"closed","sticky":false,"template":"","format":"standard","meta":{"_jetpack_memberships_contains_paid_content":false,"footnotes":""},"categories":[13],"tags":[248,415],"class_list":["post-22855","post","type-post","status-publish","format-standard","has-post-thumbnail","hentry","category-noticias-nacionales","tag-marcela-aguinaga","tag-prefectura-ciudadana-del-guayas"],"jetpack_featured_media_url":"https:\/\/radiocresatelital.com\/wp-content\/uploads\/2025\/01\/WhatsApp-Image-2025-01-07-at-12.27.28-scaled.jpeg","jetpack_sharing_enabled":true,"_links":{"self":[{"href":"https:\/\/radiocresatelital.com\/index.php?rest_route=\/wp\/v2\/posts\/22855","targetHints":{"allow":["GET"]}}],"collection":[{"href":"https:\/\/radiocresatelital.com\/index.php?rest_route=\/wp\/v2\/posts"}],"about":[{"href":"https:\/\/radiocresatelital.com\/index.php?rest_route=\/wp\/v2\/types\/post"}],"author":[{"embeddable":true,"href":"https:\/\/radiocresatelital.com\/index.php?rest_route=\/wp\/v2\/users\/2"}],"replies":[{"embeddable":true,"href":"https:\/\/radiocresatelital.com\/index.php?rest_route=%2Fwp%2Fv2%2Fcomments&post=22855"}],"version-history":[{"count":2,"href":"https:\/\/radiocresatelital.com\/index.php?rest_route=\/wp\/v2\/posts\/22855\/revisions"}],"predecessor-version":[{"id":22858,"href":"https:\/\/radiocresatelital.com\/index.php?rest_route=\/wp\/v2\/posts\/22855\/revisions\/22858"}],"wp:featuredmedia":[{"embeddable":true,"href":"https:\/\/radiocresatelital.com\/index.php?rest_route=\/wp\/v2\/media\/22856"}],"wp:attachment":[{"href":"https:\/\/radiocresatelital.com\/index.php?rest_route=%2Fwp%2Fv2%2Fmedia&parent=22855"}],"wp:term":[{"taxonomy":"category","embeddable":true,"href":"https:\/\/radiocresatelital.com\/index.php?rest_route=%2Fwp%2Fv2%2Fcategories&post=22855"},{"taxonomy":"post_tag","embeddable":true,"href":"https:\/\/radiocresatelital.com\/index.php?rest_route=%2Fwp%2Fv2%2Ftags&post=22855"}],"curies":[{"name":"wp","href":"https:\/\/api.w.org\/{rel}","templated":true}]}}