{"id":22852,"date":"2025-01-08T18:54:09","date_gmt":"2025-01-08T18:54:09","guid":{"rendered":"https:\/\/radiocresatelital.com\/?p=22852"},"modified":"2025-01-08T20:57:05","modified_gmt":"2025-01-08T20:57:05","slug":"casi-la-mitad-de-las-personas-trabajadoras-prefieren-otros-beneficios-en-lugar-de-las-vacaciones","status":"publish","type":"post","link":"https:\/\/radiocresatelital.com\/?p=22852","title":{"rendered":"Casi la mitad de las personas trabajadoras prefieren otros beneficios en lugar de las vacaciones"},"content":{"rendered":"<p>Quito.- Seg\u00fan el estudio Vacaciones 3.0 de Multitrabajos, el portal l\u00edder de empleo de Latinoam\u00e9rica, el 45% de las personas trabajadoras en Ecuador prefieren otros beneficios laborales en lugar de vacaciones. En otros pa\u00edses de la regi\u00f3n, la preferencia por beneficios distintos a las vacaciones es del 31 % en Per\u00fa, 25 % en Panam\u00e1 y Argentina, y 20 % en Chile.<\/p>\n<p>Entre las opciones de beneficios m\u00e1s valoradas, el 36% se inclina por un buen salario, el 30% opta por bonos o incentivos econ\u00f3micos adicionales, y el 18% prioriza\u00a0 trabajar sin horarios fijos, solo cumpliendo objetivos o metas.<\/p>\n<p>\u00abEl 45% de las personas trabajadoras, casi la mitad, prefiere contar con otros beneficios en lugar de tener vacaciones. Los beneficios m\u00e1s elegidos por los talentos en su lugar son un buen sueldo (36%) y los bonos e incentivos (30%). Este cambio refleja la necesidad de una revalorizaci\u00f3n de los salarios\u00bb, explica Miguel Bechara, Director Comercial de Multitrabajos Ecuador<\/p>\n<p><em>Vacaciones 3.0<\/em> es un estudio de Multitrabajos en el que participaron 2.096 personas trabajadoras de Argentina, Chile, Ecuador, Panam\u00e1 y Per\u00fa. La investigaci\u00f3n explora las preferencias y prioridades de los talentos en torno a las vacaciones.<\/p>\n<p>El 54% de los talentos no se tom\u00f3 vacaciones laborales en el \u00faltimo a\u00f1o<\/p>\n<p>El 46% de las personas trabajadoras tom\u00f3 vacaciones laborales en el \u00faltimo a\u00f1o, mientras que el 54% no lo hizo.<\/p>\n<p>Entre quienes no tomaron vacaciones, el 35% se\u00f1ala que la falta de recursos econ\u00f3micos fue la principal raz\u00f3n; el 26% lo atribuye a un cambio de empleo; y el 17% a que no lograron organizar sus vacaciones con suficiente antelaci\u00f3n.<\/p>\n<p>Radiograf\u00eda de las vacaciones: cantidad de d\u00edas y d\u00edas adicionales<\/p>\n<p>\u00bfCu\u00e1ntos d\u00edas de vacaciones tienen al a\u00f1o las personas trabajadoras? El 53% indica que dispone de entre 10 y 15 d\u00edas, el 13% cuenta con entre 5 y 10 d\u00edas, y el 11% disfruta de entre 16 y 20 d\u00edas.<\/p>\n<p>Adem\u00e1s, el 34% se\u00f1ala que debe solicitar sus vacaciones con al menos un mes de anticipaci\u00f3n; el 27% lo hace con menos de un mes de anticipaci\u00f3n; el 27% con 1 o 2 semanas de antelaci\u00f3n; y el 12% con menos de una semana.<\/p>\n<p>En ciertas organizaciones se observa la tendencia de ofrecer una semana adicional de vacaciones, adem\u00e1s de lo establecido por ley. Sin embargo, solo el 23% de las personas trabajadoras afirma contar con este beneficio en sus empleos. Una situaci\u00f3n similar se observa en la regi\u00f3n: en Argentina, el 21% lo menciona; en Chile, el 18%; en Panam\u00e1, el 16%; y en Per\u00fa, el 10%.<\/p>\n<p>4 de cada 10 personas trabajadoras no logra desconectarse del trabajo durante sus vacaciones<\/p>\n<p>El 43% de los talentos asegura que no puede desconectarse de las tareas laborales durante sus vacaciones. De ellos, el 40% revisa ocasionalmente mensajes o correos de trabajo; el 21% sigue gestionando algunas tareas menores; y el 10% contin\u00faa trabajando casi al mismo ritmo que en los d\u00edas laborales.<\/p>\n<p>Entre quienes no logran desconectarse de su trabajo durante las vacaciones, el 40% menciona que le gusta estar informado sobre lo que ocurre en el trabajo; el 27% indica que sus compa\u00f1eros y\/o l\u00edderes contin\u00faan envi\u00e1ndoles mensajes o pidiendo que les compartan algo urgente; el 19% lo hace porque temen que se acumulen demasiadas tareas al regresar; y, el 8% teme perder su puesto si no se encuentra disponible.<\/p>\n<p>En general, el 74% de las personas trabajadoras admite revisar su correo y\/o celular laboral durante las vacaciones. Adem\u00e1s, el 36% menciona que siente ansiedad si no lo hace y el 13%, asegura sentir culpabilidad al disfrutar de sus vacaciones.<\/p>\n<p>El 54% de los talentos cree que el beneficio de los d\u00edas extras de vacaciones es determinante a la hora de elegir un nuevo empleo<\/p>\n<p>El 54% de las personas trabajadoras asegura que contar con d\u00edas extras de vacaciones es un factor clave al momento de elegir un nuevo empleo. Adem\u00e1s, el 91% considera que este deber\u00eda ser un beneficio ofrecido por todas las organizaciones.<\/p>\n<p>\u00bfQu\u00e9 les genera pensar en las pr\u00f3ximas vacaciones? El 40% de las personas trabajadoras expresa emoci\u00f3n y entusiasmo por la oportunidad de descansar o disfrutar; el 26% experimenta tranquilidad y relajaci\u00f3n; y el 23% siente felicidad por poder compartir tiempo con sus seres queridos.<\/p>\n","protected":false},"excerpt":{"rendered":"<p>Quito.- Seg\u00fan el estudio Vacaciones 3.0 de Multitrabajos, el portal l\u00edder de empleo de Latinoam\u00e9rica, el 45% de las personas trabajadoras en Ecuador prefieren otros beneficios laborales en lugar de vacaciones. En otros pa\u00edses de la regi\u00f3n, la preferencia por beneficios distintos a las vacaciones es del 31 % en Per\u00fa, 25 % en Panam\u00e1 [&hellip;]<\/p>\n","protected":false},"author":2,"featured_media":22853,"comment_status":"open","ping_status":"closed","sticky":false,"template":"","format":"standard","meta":{"_jetpack_memberships_contains_paid_content":false,"footnotes":""},"categories":[13],"tags":[2128],"class_list":["post-22852","post","type-post","status-publish","format-standard","has-post-thumbnail","hentry","category-noticias-nacionales","tag-multitrabajos"],"jetpack_featured_media_url":"https:\/\/radiocresatelital.com\/wp-content\/uploads\/2025\/01\/WhatsApp-Image-2025-01-07-at-09.35.10.jpeg","jetpack_sharing_enabled":true,"_links":{"self":[{"href":"https:\/\/radiocresatelital.com\/index.php?rest_route=\/wp\/v2\/posts\/22852","targetHints":{"allow":["GET"]}}],"collection":[{"href":"https:\/\/radiocresatelital.com\/index.php?rest_route=\/wp\/v2\/posts"}],"about":[{"href":"https:\/\/radiocresatelital.com\/index.php?rest_route=\/wp\/v2\/types\/post"}],"author":[{"embeddable":true,"href":"https:\/\/radiocresatelital.com\/index.php?rest_route=\/wp\/v2\/users\/2"}],"replies":[{"embeddable":true,"href":"https:\/\/radiocresatelital.com\/index.php?rest_route=%2Fwp%2Fv2%2Fcomments&post=22852"}],"version-history":[{"count":1,"href":"https:\/\/radiocresatelital.com\/index.php?rest_route=\/wp\/v2\/posts\/22852\/revisions"}],"predecessor-version":[{"id":22854,"href":"https:\/\/radiocresatelital.com\/index.php?rest_route=\/wp\/v2\/posts\/22852\/revisions\/22854"}],"wp:featuredmedia":[{"embeddable":true,"href":"https:\/\/radiocresatelital.com\/index.php?rest_route=\/wp\/v2\/media\/22853"}],"wp:attachment":[{"href":"https:\/\/radiocresatelital.com\/index.php?rest_route=%2Fwp%2Fv2%2Fmedia&parent=22852"}],"wp:term":[{"taxonomy":"category","embeddable":true,"href":"https:\/\/radiocresatelital.com\/index.php?rest_route=%2Fwp%2Fv2%2Fcategories&post=22852"},{"taxonomy":"post_tag","embeddable":true,"href":"https:\/\/radiocresatelital.com\/index.php?rest_route=%2Fwp%2Fv2%2Ftags&post=22852"}],"curies":[{"name":"wp","href":"https:\/\/api.w.org\/{rel}","templated":true}]}}