{"id":2285,"date":"2023-08-09T21:04:48","date_gmt":"2023-08-09T21:04:48","guid":{"rendered":"https:\/\/radiocresatelital.com\/?p=2285"},"modified":"2023-08-09T21:07:29","modified_gmt":"2023-08-09T21:07:29","slug":"este-viernes-llegan-las-emociones-de-la-liga-premier","status":"publish","type":"post","link":"https:\/\/radiocresatelital.com\/?p=2285","title":{"rendered":"Este Viernes llegan las emociones de la Liga Premier"},"content":{"rendered":"<p>Londres.- El Campe\u00f3n reinante de la Premier League, Manchester City, iniciar\u00e1 este viernes 11 en campo del ascendido Burnley la defensa de su corona de la Premier League, cuyos equipos volver\u00e1n a arrodillarse como se\u00f1al de la lucha contra el racismo y cualquier forma de discriminaci\u00f3n.<\/p>\n<p>Los \u00abCiudadanos\u00bb del DT espa\u00f1ol Pep Guardiola iniciaron la campa\u00f1a con el pie izquierdo, pues perdieron por penales la definici\u00f3n de la cent\u00e9sima primera edici\u00f3n del Community Shield ante Arsenal, subcampe\u00f3n de la Premier League en la temporada 2022-23.<\/p>\n<p>Pero Manchester City tambi\u00e9n inici\u00f3 con una derrota la temporada pasada, pues perdi\u00f3 3-1 contra Liverpool en la definici\u00f3n del Community Shield, tras lo cual sell\u00f3 un triplete hist\u00f3rico que incluy\u00f3 la conquista de la Premier League, la FA Cup y su primer t\u00edtulo de la Champions League.<\/p>\n<p>Guardiola buscar\u00e1 guiar a su equipo a su cuarto t\u00edtulo seguido (el sexto en los \u00faltimos ocho a\u00f1os) en la Premier League, en cuya primera fecha visitar\u00e1 al Burnley del ex zaguero belga Vincent Kompany, que fue capit\u00e1n de los \u00abCiudadanos\u00bb hasta su partida en la temporada 2018-19 tras ganar 12 t\u00edtulos con el City.<\/p>\n<p>Luego de las partidas del argelino Riyad Mahrez, que pas\u00f3 al Al-Ahli, y del alem\u00e1n Ilkay Gundogan (Barcelona), Manchester City se reforz\u00f3 con el zaguero croata Josko Gvardiol (lleg\u00f3 del Leipzig por 90 millones de euros) y de su compatriota y mediocampista Mateo Kovacic (pag\u00f3 30 millones de euros al Chelsea por su pase).<\/p>\n<p>Pero Guardiola tambi\u00e9n quiere sumar al mediocampista brasile\u00f1o Lucas Paquet\u00e1, por cuyo pase planea ofrecer 70 millones de euros al West Ham, que el a\u00f1o pasado lo incorpor\u00f3 del Olympique Lyon a cambio de 36,5 millones de euros.<\/p>\n<p>El problema es que West Ham ya transfiri\u00f3 al mediocampista Declan Rice al Arsenal y evaluar\u00e1 la propuesta del City tras incorporar a sus colegas, James Ward-Prowse y el mexicano \u00c9dson \u00c1lvarez, y al zaguero Harry Maguire.<\/p>\n<p>La prensa brit\u00e1nica public\u00f3 que West Ham, campe\u00f3n de la segunda edici\u00f3n de la Conference League, lleg\u00f3 a un acuerdo con Ajax para sumar a \u00c1lvarez, de 25 a\u00f1os, en 40,6 millones de euros, cinco m\u00e1s de los pagados por Maguire (30) al Manchester United, mientras que por Ward-Prowse (28) abonar\u00e1 35 millones al Southampton.<\/p>\n<p>Por su parte, Arsenal, que el s\u00e1bado 12 recibir\u00e1 al Nottingham Forest, invirti\u00f3 226 millones de euros para fichar a Rice, al delantero alem\u00e1n Kai Havertz (75 del Chelsea) y al zaguero neerland\u00e9s Jurrien Timber (40 del Ajax).<\/p>\n<p>A su vez, Newcastle, que finaliz\u00f3 cuarto en la edici\u00f3n pasada de la Premier League, debutar\u00e1 el mismo d\u00eda como local del Aston Villa y pag\u00f3 146 millones de euros para sumar al mediocampista italiano Sandro Tonali (64 del Milan), el delantero Harvey Barnes (44 del Leicester) y del defensor Tino Livramento (38 del Southampton).<\/p>\n<p>Los otros ascendidos, Luton y Sheffield United, enfrentar\u00e1n al Brighton &amp; Hove Albion y al Crystal Palace, respectivamente, en duelos previstos tambi\u00e9n el s\u00e1bado, que completar\u00e1 su programa con Bournemouth-West Ham y Everton-Fulham.<\/p>\n<p>El domingo 13 ser\u00e1 el turno del Tottenham, que resiste el embate del Bayern M\u00fanich por Harry Kane y debutar\u00e1 en campo del Brentford, mientras que Chelsea recibir\u00e1 al Liverpool en el duelo m\u00e1s atractivo de la jornada.<\/p>\n<p>Los \u00abBlues\u00bb del DT argentino Mauricio Pochettino ficharon siete jugadores a cambio de 210 millones de euros y redujeron su plantel con la partida de 28 futbolistas por 249 millones de la moneda comunitaria.<\/p>\n<p>Chelsea, que busca recuperarse de su duod\u00e9cimo puesto de la Premier League pasada, pag\u00f3 60 millones de euros al Leipzig por el delantero franc\u00e9s Christopher Nkunku (ser\u00e1 baja por una grave lesi\u00f3n de rodilla), y otros 45 millones al M\u00f3naco por su compatriota y zaguero Axel Disasi.<\/p>\n<p>El tambi\u00e9n franc\u00e9s Lesley Ugochukwu lleg\u00f3 del Rennes en 28 millones de euros para reforzar el mediocampo con el portugu\u00e9s Diego Moreira (libre del Benfica), mientras que el delantero senegal\u00e9s Nicolas Jackson arrib\u00f3 del Villareal (37 millones), el arquero espa\u00f1ol Robert S\u00e1nchez del Brighton (25 millones) y el atacante \u00c1ngelo Gabriel del Santos (15 millones).<\/p>\n<p>Tambi\u00e9n Liverpool afront\u00f3 un mercado de pases muy activo, pues pag\u00f3 70 millones de euros al Leipzig por el mediocampista h\u00fangaro Dominik Szoboszlai y otros 42 millones al Brighton por su colega argentino Alexis Mac Allister e ingres\u00f3 59 millones de euros en transferencias.<\/p>\n<p>El DT alem\u00e1n de los \u00abReds\u00bb, Juergen Klopp, perdi\u00f3 a los brasile\u00f1os Fabinho (45 millones al Al-Ittihad) y Roberto Firmino (libre al Al-Ahli), al capit\u00e1n Jordan Henderson (14 millones al Al-Ettifaq) y al guineano Naby Keita (Werder Bremen), que parti\u00f3 tras el final de su contrato como James Milner (Brighton) y Alex Oxlade-Chamberlain (a\u00fan sin club).<\/p>\n<p>Por \u00faltimo, Manchester United pag\u00f3 65 millones al Chelsea por el mediocampista Mason Mount, 54 millones al Inter por el arquero camerun\u00e9s Andr\u00e9 Onana y 75 millones al Atalanta por el delantero dan\u00e9s Rasmus Hojlund.<\/p>\n<p>Pero adem\u00e1s de ratificar su poder\u00edo econ\u00f3mico dentro de Europa, la Premier League anunci\u00f3 que los jugadores volver\u00e1n a arrodillarse antes del inicio de todos los partidos de la primera fecha como se\u00f1al de la lucha contra el racismo y cualquier forma de discriminaci\u00f3n.<\/p>\n<p>Pero el gesto de concientizaci\u00f3n impulsado en solidaridad con el movimiento \u00abBlack Lives Matter\u00bb s\u00f3lo se repetir\u00e1 en ocasiones particulares para asegurar la m\u00e1xima relevancia del mensaje.<\/p>\n<p>\u00abEl objetivo es amplificar el mensaje de que el racismo no tiene lugar en el f\u00fatbol o en la sociedad\u00bb, se lee en un comunicado de la Premier League tras el pedido de los capitanes de los 20 equipos que participar\u00e1n de la edici\u00f3n 2023-24 del torneo.<\/p>\n","protected":false},"excerpt":{"rendered":"<p>Londres.- El Campe\u00f3n reinante de la Premier League, Manchester City, iniciar\u00e1 este viernes 11 en campo del ascendido Burnley la defensa de su corona de la Premier League, cuyos equipos volver\u00e1n a arrodillarse como se\u00f1al de la lucha contra el racismo y cualquier forma de discriminaci\u00f3n. Los \u00abCiudadanos\u00bb del DT espa\u00f1ol Pep Guardiola iniciaron la [&hellip;]<\/p>\n","protected":false},"author":2,"featured_media":2288,"comment_status":"open","ping_status":"closed","sticky":false,"template":"","format":"standard","meta":{"_jetpack_memberships_contains_paid_content":false,"footnotes":""},"categories":[7],"tags":[490],"class_list":["post-2285","post","type-post","status-publish","format-standard","has-post-thumbnail","hentry","category-futbol-internacional","tag-liga-premier"],"jetpack_featured_media_url":"https:\/\/radiocresatelital.com\/wp-content\/uploads\/2023\/08\/Premier-League-Logo-2007.jpg","jetpack_sharing_enabled":true,"_links":{"self":[{"href":"https:\/\/radiocresatelital.com\/index.php?rest_route=\/wp\/v2\/posts\/2285","targetHints":{"allow":["GET"]}}],"collection":[{"href":"https:\/\/radiocresatelital.com\/index.php?rest_route=\/wp\/v2\/posts"}],"about":[{"href":"https:\/\/radiocresatelital.com\/index.php?rest_route=\/wp\/v2\/types\/post"}],"author":[{"embeddable":true,"href":"https:\/\/radiocresatelital.com\/index.php?rest_route=\/wp\/v2\/users\/2"}],"replies":[{"embeddable":true,"href":"https:\/\/radiocresatelital.com\/index.php?rest_route=%2Fwp%2Fv2%2Fcomments&post=2285"}],"version-history":[{"count":1,"href":"https:\/\/radiocresatelital.com\/index.php?rest_route=\/wp\/v2\/posts\/2285\/revisions"}],"predecessor-version":[{"id":2287,"href":"https:\/\/radiocresatelital.com\/index.php?rest_route=\/wp\/v2\/posts\/2285\/revisions\/2287"}],"wp:featuredmedia":[{"embeddable":true,"href":"https:\/\/radiocresatelital.com\/index.php?rest_route=\/wp\/v2\/media\/2288"}],"wp:attachment":[{"href":"https:\/\/radiocresatelital.com\/index.php?rest_route=%2Fwp%2Fv2%2Fmedia&parent=2285"}],"wp:term":[{"taxonomy":"category","embeddable":true,"href":"https:\/\/radiocresatelital.com\/index.php?rest_route=%2Fwp%2Fv2%2Fcategories&post=2285"},{"taxonomy":"post_tag","embeddable":true,"href":"https:\/\/radiocresatelital.com\/index.php?rest_route=%2Fwp%2Fv2%2Ftags&post=2285"}],"curies":[{"name":"wp","href":"https:\/\/api.w.org\/{rel}","templated":true}]}}