{"id":22849,"date":"2025-01-08T20:47:14","date_gmt":"2025-01-08T20:47:14","guid":{"rendered":"https:\/\/radiocresatelital.com\/?p=22849"},"modified":"2025-01-08T20:47:14","modified_gmt":"2025-01-08T20:47:14","slug":"consorcio-urvaseo-durante-la-epoca-invernal","status":"publish","type":"post","link":"https:\/\/radiocresatelital.com\/?p=22849","title":{"rendered":"Consorcio Urvaseo durante la \u00e9poca invernal"},"content":{"rendered":"<p>Guayaquil.- El Consorcio Usvaseo hace diferemtes recomendaciones durante la \u00e9poca invernal que de a poco ha llegado al Puerto Principal.<\/p>\n<p>Entre esas precaucioes:<\/p>\n<p>\u2022 Respetar los horarios y frecuencias de recolecci\u00f3n. Para consultar la informaci\u00f3n de su sector, puede hacerlo ingresando a www.urvaseo.com.<\/p>\n<p>\u2022 Se debe disponer los desechos en fundas bien anudadas y resistentes<\/p>\n<p>\u2022 Si las lluvias impiden sacar los desechos domiciliarios, deber\u00e1 esperar hasta la pr\u00f3xima frecuencia de recolecci\u00f3n o acudir a cualquiera de los 14 centros de acopio abiertos al p\u00fablico los 365 d\u00edas, sin costo alguno.<\/p>\n<p>\u2022 Colocar las fundas en la acera al pie de la casa o en los puntos fijos donde pasa el carro recolector. Est\u00e1 prohibido colocar los desechos en parterres centrales.<\/p>\n<p>\u2022 Mantener limpias las aceras correspondientes a sus viviendas o locales comerciales, ya que es responsabilidad del due\u00f1o del predio.<\/p>\n<p>\u2022 No desechar materiales de construcci\u00f3n o neum\u00e1ticos en la v\u00eda p\u00fablica.<\/p>\n<p>Stefany Camacho, vocera de Urvaseo, menciona que el compromiso de la limpieza de Guayaquil empieza por cada uno de sus habitantes, ya que la mala disposici\u00f3n de los desechos puede ser el factor principal de la obstrucci\u00f3n del sistema de alcantarillado y canales de aguas lluvias, trabajemos \u201cJuntos por Guayaquil ciudad de todos\u201d<\/p>\n","protected":false},"excerpt":{"rendered":"<p>Guayaquil.- El Consorcio Usvaseo hace diferemtes recomendaciones durante la \u00e9poca invernal que de a poco ha llegado al Puerto Principal. Entre esas precaucioes: \u2022 Respetar los horarios y frecuencias de recolecci\u00f3n. Para consultar la informaci\u00f3n de su sector, puede hacerlo ingresando a www.urvaseo.com. \u2022 Se debe disponer los desechos en fundas bien anudadas y resistentes [&hellip;]<\/p>\n","protected":false},"author":2,"featured_media":22850,"comment_status":"open","ping_status":"closed","sticky":false,"template":"","format":"standard","meta":{"_jetpack_memberships_contains_paid_content":false,"footnotes":""},"categories":[33,13],"tags":[3203],"class_list":["post-22849","post","type-post","status-publish","format-standard","has-post-thumbnail","hentry","category-guayaquil","category-noticias-nacionales","tag-urvaseo"],"jetpack_featured_media_url":"https:\/\/radiocresatelital.com\/wp-content\/uploads\/2025\/01\/WhatsApp-Image-2025-01-08-at-14.33.34.jpeg","jetpack_sharing_enabled":true,"_links":{"self":[{"href":"https:\/\/radiocresatelital.com\/index.php?rest_route=\/wp\/v2\/posts\/22849","targetHints":{"allow":["GET"]}}],"collection":[{"href":"https:\/\/radiocresatelital.com\/index.php?rest_route=\/wp\/v2\/posts"}],"about":[{"href":"https:\/\/radiocresatelital.com\/index.php?rest_route=\/wp\/v2\/types\/post"}],"author":[{"embeddable":true,"href":"https:\/\/radiocresatelital.com\/index.php?rest_route=\/wp\/v2\/users\/2"}],"replies":[{"embeddable":true,"href":"https:\/\/radiocresatelital.com\/index.php?rest_route=%2Fwp%2Fv2%2Fcomments&post=22849"}],"version-history":[{"count":1,"href":"https:\/\/radiocresatelital.com\/index.php?rest_route=\/wp\/v2\/posts\/22849\/revisions"}],"predecessor-version":[{"id":22851,"href":"https:\/\/radiocresatelital.com\/index.php?rest_route=\/wp\/v2\/posts\/22849\/revisions\/22851"}],"wp:featuredmedia":[{"embeddable":true,"href":"https:\/\/radiocresatelital.com\/index.php?rest_route=\/wp\/v2\/media\/22850"}],"wp:attachment":[{"href":"https:\/\/radiocresatelital.com\/index.php?rest_route=%2Fwp%2Fv2%2Fmedia&parent=22849"}],"wp:term":[{"taxonomy":"category","embeddable":true,"href":"https:\/\/radiocresatelital.com\/index.php?rest_route=%2Fwp%2Fv2%2Fcategories&post=22849"},{"taxonomy":"post_tag","embeddable":true,"href":"https:\/\/radiocresatelital.com\/index.php?rest_route=%2Fwp%2Fv2%2Ftags&post=22849"}],"curies":[{"name":"wp","href":"https:\/\/api.w.org\/{rel}","templated":true}]}}