{"id":22834,"date":"2025-01-08T20:22:36","date_gmt":"2025-01-08T20:22:36","guid":{"rendered":"https:\/\/radiocresatelital.com\/?p=22834"},"modified":"2025-01-08T20:22:36","modified_gmt":"2025-01-08T20:22:36","slug":"alcalde-aquiles-alvarez-anuncio-que-el-100-de-guayaquil-tendra-cobertura-de-agua-potable-con-el-quinto-acueducto","status":"publish","type":"post","link":"https:\/\/radiocresatelital.com\/?p=22834","title":{"rendered":"Alcalde Aquiles Alvarez anunci\u00f3 que el 100% de Guayaquil tendr\u00e1 cobertura de agua potable con el Quinto Acueducto"},"content":{"rendered":"<p>Guayaquil.- El Alcalde Aquiles \u00c1lvarez anunci\u00f3 que el presupuesto referencial para la construcci\u00f3n del Quinto Acueducto que permitir\u00e1 que el 100% de Guayaquil disponga de agua potable, disminuy\u00f3 de USD 58 a USD 54,4 millones para su ejecuci\u00f3n, tras la apertura de sobre del proceso de la licitaci\u00f3n.<\/p>\n<p>\u201cArranc\u00f3 el proceso, extendimos los d\u00edas para ver si se animaban algunas empresas a participar, hay una, que es Hidalgo e Hidalgo, se baj\u00f3 en 6% el presupuesto (\u2026) vamos a entrar en etapa de convalidaci\u00f3n y ah\u00ed arrancamos\u201d, dijo en referencia de esta importante infraestructura sanitaria.<\/p>\n<p>Refiri\u00f3 que 500.000 habitantes del noroeste de Guayaquil se ver\u00e1n beneficiados. Y dijo que: \u201cen 24 meses, a partir de finales de enero de 2025, vamos a tener 100% de cobertura de agua potable en Guayaquil\u201d.<\/p>\n<p>En este sentido, Alvarez record\u00f3 que esta obra tiene 5 meses de atraso debido a que el Gobierno Nacional demor\u00f3 la entrega de la garant\u00eda soberana.<\/p>\n<p><strong>Impuesto predial con recaudaci\u00f3n r\u00e9cord<\/strong><br \/>\nEl Alcalde agradeci\u00f3 a los ciudadanos por el cumplimiento de sus obligaciones. Destac\u00f3 que se registr\u00f3 una recaudaci\u00f3n r\u00e9cord en el primer d\u00eda laboral del a\u00f1o, pues se recaud\u00f3 USD 1.7 millones en el 2025. El monto es mayor al recaudado en similar periodo de 2024 (USD 1,2 millones) y 2023 (USD 1mill\u00f3n).<\/p>\n<p>\u201cPara nosotros es un honor y le agradecemos a la gente por su confianza (\u2026) hemos recuperado la confianza de la ciudadan\u00eda porque saben que esos recursos van directamente a obras y servicios, van a ellos, agradecimiento total a todos los guayaquile\u00f1os\u201d.<\/p>\n<p>Alvarez destac\u00f3 que la ciudadan\u00eda recibe el beneficio por pronto pago del 10% de descuento por concepto de Impuesto Predial durante los 15 primeros d\u00edas del mes de enero. \u201cA nosotros nos ayuda mucho a tener flujo, nos ayuda a organizarnos a cumplir con los presupuestos y a empezar el a\u00f1o con pie derecho\u201d.<\/p>\n<p><strong>Llamado a no lanzar basura en los canales para evitar inundaciones<\/strong><br \/>\nEl personero municipal se refiri\u00f3 tambi\u00e9n a la limpieza reciente en los canales 36 y 37, este \u00faltimo ubicado en el sector de Las Orqu\u00eddeas. En ese canal se encontr\u00f3 gran cantidad de desechos y basura, por lo que hizo un llamado a la ciudadan\u00eda a respetar los horarios de recolecci\u00f3n establecidos.<\/p>\n<p>\u201cCon fuerza hacerle un llamado a la ciudadan\u00eda para que nos ayuden con los horarios y, por supuesto, no botar basura en los canales que eso es lo que m\u00e1s nos complica en \u00e9poca de invierno con esto de las inundaciones\u201d.<\/p>\n<p><strong>Nuevas obras para los guayaquile\u00f1os<\/strong><br \/>\nAlvarez detall\u00f3 una serie de obras que su administraci\u00f3n impulsar\u00e1 este a\u00f1o en beneficio de la ciudad. As\u00ed, afirm\u00f3 que, bajo la visi\u00f3n de un Guayaquil renaturalizado, se extender\u00e1 el Malec\u00f3n de Puerto Santa Ana. En este proyecto, dijo, los estudios est\u00e1n listos y el proceso se subir\u00e1 despu\u00e9s del primer semestre de 2025.<\/p>\n<p>\u201cSon 500 metros lineales y ofrecer\u00e1 ciclov\u00eda, jardines, \u00e1reas recreativas, miradores y espacios para mascotas. Lo m\u00e1s importante: un Guayaquil renaturalizado, es un Guayaquil con \u00e1rboles nativos, tipo bosque\u2026\u201d.<\/p>\n<p>Adem\u00e1s, afirm\u00f3 que est\u00e1 a la espera de que se adjudique la soluci\u00f3n vial ubicada en la Av. Del Bombero y Leopoldo Carrera, en Ceibos; tambi\u00e9n la que se levantar\u00e1 en la Av. Juan Tanca Marengo y Rodrigo Ch\u00e1vez. \u201cTenemos obras espectaculares por inaugurar y adjudicar\u201d.<\/p>\n<p><strong>Mercado Norte<\/strong><br \/>\nEn tanto, durante el primer trimestre de este a\u00f1o, se entregar\u00e1 el Mercado Norte que estuvo abandonado 7 a\u00f1os, la soluci\u00f3n vial en Juan Tanca Marengo y la segunda fase de la soluci\u00f3n vial en la intersecci\u00f3n de las Av. De Las Am\u00e9ricas e Isidro Ayora.<\/p>\n<p>Tambi\u00e9n destac\u00f3 que existe un avance importante en la construcci\u00f3n de los pasos peatonales en los Km. 11.8 y 14.2 en V\u00eda a la Costa, adem\u00e1s de la malla vial que se planifica para el sector de Chong\u00f3n.<\/p>\n<p><strong>Municipio dispuesto a trabajar en el Quinto Puente<\/strong><br \/>\nEl Alcalde reafirm\u00f3 que ha dado instrucciones al Holding Municipal para que se re\u00fanan, de ser convocados, para trabajar en el marco de la concreci\u00f3n del Quinto Puente.<\/p>\n<p>\u201cTrabajamos sin ning\u00fan problema, si van a hacer el Quinto Puente que lo hagan\u2026 si tienen que reunirse \u2013y se los he dicho a Direcci\u00f3n de Obras P\u00fablicas, a la DUMCE, a todas las estructuras municipales, que si los llama la Prefectura \u2013que no tiene que llamarme a m\u00ed, que hable directamente con los directores- que se re\u00fanan y vean la forma de darle viabilidad a este gran proyecto\u201d.<\/p>\n<p>A pesar de ello, el personero municipal enfatiz\u00f3 que la ciudad no para, pues hay m\u00e1s de 90 frentes de trabajo con la Direcci\u00f3n de Obras P\u00fablicas. Entre ellos, la reconformaci\u00f3n de calles en el Suburbio y la obra civil de la Troncal 4 de la Metrov\u00eda que entrar\u00e1 a funcionar en marzo.<\/p>\n<p>Sobre ese sistema de transporte, acot\u00f3 que se incorporaron 10 nuevos buses a la Troncal 1 y aclar\u00f3 que, de forma progresiva, se ir\u00e1 renovando la flota hasta junio.<\/p>\n<p>Sobre la tarjeta Guayaca, afirm\u00f3 hasta el 20 de enero ser\u00e1 el plazo para su obtenci\u00f3n y as\u00ed recibir el aporte social para congelar en USD 0,30 el pasaje.<\/p>\n<p><strong>Sem\u00e1foros da\u00f1ados<\/strong><br \/>\nPor los cortes de energ\u00eda en el pa\u00eds, el 80% de los 6.500 sem\u00e1foros de la ciudad tienen problemas de intermitencia o est\u00e1n quemados, inform\u00f3 el Alcalde. \u201cEstamos encima de buscarle una soluci\u00f3n inmediata\u201d.<\/p>\n<p><strong>Guayaquil, candidata a Capital Americana del Deporte en 2026<\/strong><br \/>\nFinalmente, el Alcalde destac\u00f3 que la ciudad es candidata a Capital Americana del Deporte en 2026. Esta distinci\u00f3n la otorga ACES Am\u00e9rica (Association of Capitals of Europe and Sports), misma que promueve a las ciudades que invierten en deporte.<\/p>\n<p>En ese sentido, detall\u00f3 que su administraci\u00f3n ha impulsado grandes proyectos como el convenio con la Junta de Beneficencia y Atl\u00e9tico de Madrid que pasa de 10.000 a m\u00e1s de 13.000 chicos participantes.<\/p>\n<p>Con Diario El Universo, a trav\u00e9s de interbarriales en diferentes disciplinas, se pas\u00f3 de 10.000 a 13.000 chicos, adem\u00e1s de Liga ProKids que pasa de 10.000 a 15.000 participantes.<\/p>\n<p>\u201cEstamos desarrollando (proyectos) con la FEF, Liga Pro, Barcelona y Emelec\u2026 Nosotros necesitamos exponer m\u00e1s a Guayaquil como candidata para llevarnos ese premio, nos encantar\u00eda poder tener ese premio de recibir a los deportistas en Guayaquil\u201d.<\/p>\n","protected":false},"excerpt":{"rendered":"<p>Guayaquil.- El Alcalde Aquiles \u00c1lvarez anunci\u00f3 que el presupuesto referencial para la construcci\u00f3n del Quinto Acueducto que permitir\u00e1 que el 100% de Guayaquil disponga de agua potable, disminuy\u00f3 de USD 58 a USD 54,4 millones para su ejecuci\u00f3n, tras la apertura de sobre del proceso de la licitaci\u00f3n. \u201cArranc\u00f3 el proceso, extendimos los d\u00edas para [&hellip;]<\/p>\n","protected":false},"author":2,"featured_media":8430,"comment_status":"open","ping_status":"closed","sticky":false,"template":"","format":"standard","meta":{"_jetpack_memberships_contains_paid_content":false,"footnotes":""},"categories":[33,13],"tags":[1519],"class_list":["post-22834","post","type-post","status-publish","format-standard","has-post-thumbnail","hentry","category-guayaquil","category-noticias-nacionales","tag-alcalde-aquiles-alvarez"],"jetpack_featured_media_url":"https:\/\/radiocresatelital.com\/wp-content\/uploads\/2023\/12\/aquiles.jpg","jetpack_sharing_enabled":true,"_links":{"self":[{"href":"https:\/\/radiocresatelital.com\/index.php?rest_route=\/wp\/v2\/posts\/22834","targetHints":{"allow":["GET"]}}],"collection":[{"href":"https:\/\/radiocresatelital.com\/index.php?rest_route=\/wp\/v2\/posts"}],"about":[{"href":"https:\/\/radiocresatelital.com\/index.php?rest_route=\/wp\/v2\/types\/post"}],"author":[{"embeddable":true,"href":"https:\/\/radiocresatelital.com\/index.php?rest_route=\/wp\/v2\/users\/2"}],"replies":[{"embeddable":true,"href":"https:\/\/radiocresatelital.com\/index.php?rest_route=%2Fwp%2Fv2%2Fcomments&post=22834"}],"version-history":[{"count":1,"href":"https:\/\/radiocresatelital.com\/index.php?rest_route=\/wp\/v2\/posts\/22834\/revisions"}],"predecessor-version":[{"id":22835,"href":"https:\/\/radiocresatelital.com\/index.php?rest_route=\/wp\/v2\/posts\/22834\/revisions\/22835"}],"wp:featuredmedia":[{"embeddable":true,"href":"https:\/\/radiocresatelital.com\/index.php?rest_route=\/wp\/v2\/media\/8430"}],"wp:attachment":[{"href":"https:\/\/radiocresatelital.com\/index.php?rest_route=%2Fwp%2Fv2%2Fmedia&parent=22834"}],"wp:term":[{"taxonomy":"category","embeddable":true,"href":"https:\/\/radiocresatelital.com\/index.php?rest_route=%2Fwp%2Fv2%2Fcategories&post=22834"},{"taxonomy":"post_tag","embeddable":true,"href":"https:\/\/radiocresatelital.com\/index.php?rest_route=%2Fwp%2Fv2%2Ftags&post=22834"}],"curies":[{"name":"wp","href":"https:\/\/api.w.org\/{rel}","templated":true}]}}