{"id":22831,"date":"2025-01-08T20:13:08","date_gmt":"2025-01-08T20:13:08","guid":{"rendered":"https:\/\/radiocresatelital.com\/?p=22831"},"modified":"2025-01-08T20:13:08","modified_gmt":"2025-01-08T20:13:08","slug":"con-una-inversion-de-23-millones-el-gobierno-nacionalimpulsa-la-infraestructura-vial-en-esmeraldas","status":"publish","type":"post","link":"https:\/\/radiocresatelital.com\/?p=22831","title":{"rendered":"Con una inversi\u00f3n de 23 millones, El Gobierno Nacionalimpulsa la infraestructura vial en Esmeraldas"},"content":{"rendered":"<p>Esmeraldas.- El Presidente de la Rep\u00fablica, Daniel Noboa Azin, visit\u00f3 este mi\u00e9rcoles la provincia de Esmeraldas para constatar los avances en los trabajos de Mantenimiento por Resultados de la carretera E15: \u201cY\u201d de Calder\u00f3n &#8211; \u201cY\u201d de Borb\u00f3n &#8211; \u201cY\u201d de las Pe\u00f1as \u2013 Palestina \u2013 Redondel del Aeropuerto \u2013 Paso Lateral de Tachina \u2013 San Mateo (Empate E20). Esta obra, impulsada en la administraci\u00f3n de Noboa a trav\u00e9s del Ministerio de Transporte y Obras P\u00fablicas (MTOP), tiene una extensi\u00f3n de alrededor de 142 kil\u00f3metros y refuerza el compromiso de promover la conectividad, el comercio y el turismo en Esmeraldas.<\/p>\n<p>La infraestructura vial representa una inversi\u00f3n de USD 23 millones y es financiada con el apoyo del Banco de Am\u00e9rica Latina y el Caribe (CAF). El ministro de Transporte, Roberto Luque, se\u00f1al\u00f3 que la carretera, que presenta un avance del 85,87 %, es clave para la integraci\u00f3n de los cantones San Lorenzo, Eloy Alfaro, R\u00edo Verde y Esmeraldas. \u201cSabemos que una v\u00eda en mal estado no solo afecta a la econom\u00eda local, sino tambi\u00e9n a la seguridad de las familias\u201d, destac\u00f3.<\/p>\n<p>Tras el recorrido, el presidente Noboa reafirm\u00f3 su compromiso con Esmeraldas, resaltando que su administraci\u00f3n est\u00e1 enfocada en potenciar el desarrollo de la provincia a trav\u00e9s de obras de infraestructura, seguridad y recursos destinados a mejorar la calidad de vida de los habitantes. \u201cEsta provincia seguir\u00e1 como protagonista en el Nuevo Ecuador, demostrando que, cuando un gobierno cree en su gente, el cambio es posible\u201d, afirm\u00f3 el Mandatario.<\/p>\n<p>Asimismo, destac\u00f3 el exitoso inicio de a\u00f1o para la Provincia Verde, que durante el reciente feriado acogi\u00f3 a cientos de turistas, impulsando la reactivaci\u00f3n econ\u00f3mica. \u201cEl 2025 ser\u00e1 un a\u00f1o para generar empleo, repotenciar el agro y dar oportunidades a los j\u00f3venes, para que estudien, trabajen, salgan adelante y le digan no a la delincuencia\u201d, enfatiz\u00f3.<\/p>\n<p>Adem\u00e1s, anunci\u00f3 que su gobierno revisar\u00e1 el cierre de hospitales en administraciones anteriores, como el Hospital Delfina Torres de Concha y se comprometi\u00f3 a restituir servicios de salud dignos: \u201cNosotros tenemos que devolverle al centro de Esmeraldas un centro de salud con atenci\u00f3n digna para cada uno de ustedes\u201d.<\/p>\n<p>Los beneficios de la obra fueron reconocidos por la comunidad. Freddy Freire manifest\u00f3, en nombre de los transportistas, que la carretera permitir\u00e1 desplazamientos m\u00e1s seguros y eficientes, mientras que Letty Saavedra asegur\u00f3 que tanto productores como comerciantes se ver\u00e1n beneficiados al llevar de manera \u00e1gil sus mercanc\u00edas a los puntos de expendio.<\/p>\n<p>En total, esta infraestructura vial beneficiar\u00e1 directa e indirectamente a 591.083 esmeralde\u00f1os. Adem\u00e1s, durante su ejecuci\u00f3n ha generado m\u00e1s de 470 plazas de empleo.<\/p>\n<p>Con esta obra, el Gobierno Nacional ratifica su compromiso con Esmeraldas, fortaleciendo la conectividad, el comercio y el turismo como pilares fundamentales para el desarrollo de la provincia y del pa\u00eds<\/p>\n","protected":false},"excerpt":{"rendered":"<p>Esmeraldas.- El Presidente de la Rep\u00fablica, Daniel Noboa Azin, visit\u00f3 este mi\u00e9rcoles la provincia de Esmeraldas para constatar los avances en los trabajos de Mantenimiento por Resultados de la carretera E15: \u201cY\u201d de Calder\u00f3n &#8211; \u201cY\u201d de Borb\u00f3n &#8211; \u201cY\u201d de las Pe\u00f1as \u2013 Palestina \u2013 Redondel del Aeropuerto \u2013 Paso Lateral de Tachina \u2013 [&hellip;]<\/p>\n","protected":false},"author":2,"featured_media":22832,"comment_status":"open","ping_status":"closed","sticky":false,"template":"","format":"standard","meta":{"_jetpack_memberships_contains_paid_content":false,"footnotes":""},"categories":[13],"tags":[274,1322],"class_list":["post-22831","post","type-post","status-publish","format-standard","has-post-thumbnail","hentry","category-noticias-nacionales","tag-ministerio-de-transporte-y-obras-publicas","tag-presidente-daniel-noboa"],"jetpack_featured_media_url":"https:\/\/radiocresatelital.com\/wp-content\/uploads\/2025\/01\/54254945953_e3bdd5deae_c.jpg","jetpack_sharing_enabled":true,"_links":{"self":[{"href":"https:\/\/radiocresatelital.com\/index.php?rest_route=\/wp\/v2\/posts\/22831","targetHints":{"allow":["GET"]}}],"collection":[{"href":"https:\/\/radiocresatelital.com\/index.php?rest_route=\/wp\/v2\/posts"}],"about":[{"href":"https:\/\/radiocresatelital.com\/index.php?rest_route=\/wp\/v2\/types\/post"}],"author":[{"embeddable":true,"href":"https:\/\/radiocresatelital.com\/index.php?rest_route=\/wp\/v2\/users\/2"}],"replies":[{"embeddable":true,"href":"https:\/\/radiocresatelital.com\/index.php?rest_route=%2Fwp%2Fv2%2Fcomments&post=22831"}],"version-history":[{"count":1,"href":"https:\/\/radiocresatelital.com\/index.php?rest_route=\/wp\/v2\/posts\/22831\/revisions"}],"predecessor-version":[{"id":22833,"href":"https:\/\/radiocresatelital.com\/index.php?rest_route=\/wp\/v2\/posts\/22831\/revisions\/22833"}],"wp:featuredmedia":[{"embeddable":true,"href":"https:\/\/radiocresatelital.com\/index.php?rest_route=\/wp\/v2\/media\/22832"}],"wp:attachment":[{"href":"https:\/\/radiocresatelital.com\/index.php?rest_route=%2Fwp%2Fv2%2Fmedia&parent=22831"}],"wp:term":[{"taxonomy":"category","embeddable":true,"href":"https:\/\/radiocresatelital.com\/index.php?rest_route=%2Fwp%2Fv2%2Fcategories&post=22831"},{"taxonomy":"post_tag","embeddable":true,"href":"https:\/\/radiocresatelital.com\/index.php?rest_route=%2Fwp%2Fv2%2Ftags&post=22831"}],"curies":[{"name":"wp","href":"https:\/\/api.w.org\/{rel}","templated":true}]}}