{"id":22812,"date":"2025-01-07T20:41:07","date_gmt":"2025-01-07T20:41:07","guid":{"rendered":"https:\/\/radiocresatelital.com\/?p=22812"},"modified":"2025-01-07T22:52:37","modified_gmt":"2025-01-07T22:52:37","slug":"22812","status":"publish","type":"post","link":"https:\/\/radiocresatelital.com\/?p=22812","title":{"rendered":"C\u00e1mara de la Construcci\u00f3n Galardona a Plastigama Wavin por los 50 a\u00f1os de Alianza"},"content":{"rendered":"<p>Quito.- Plastigama Wavin, l\u00edder en soluciones innovadoras para sistemas de tuber\u00edas y sostenibilidad, fue reconocida el pasado 4 de diciembre por la C\u00e1mara de la Construcci\u00f3n en un emotivo acto conmemorativo que celebr\u00f3 sus 50 a\u00f1os de membres\u00eda y contribuci\u00f3n al sector.<\/p>\n<p>Este reconocimiento reafirma el compromiso continuo de la marca en promover pr\u00e1cticas responsables y sostenibles que impacten positivamente en la construcci\u00f3n y el desarrollo de las comunidades.<\/p>\n<p>Plastigama Wavin ha sido pionera en la implementaci\u00f3n de tecnolog\u00edas que optimizan el uso de recursos, fomentando la econom\u00eda circular y reduciendo la huella ambiental en cada uno de sus procesos.<\/p>\n<p>Carlos Ala\u00f1a, Gerente Pa\u00eds de Plastigama Wavin Ecuador, menciona \u201cEs un honor ser parte de esta prestigiosa instituci\u00f3n, que nos ha permitido crecer como empresa y como socios en el desarrollo del pa\u00eds. Este reconocimiento nos motiva a seguir trabajando por un futuro m\u00e1s sostenible, donde la innovaci\u00f3n sea el motor para construir un mejor ma\u00f1ana\u201d.<\/p>\n<p>Durante el evento, la empresa expres\u00f3 su profunda gratitud a la C\u00e1mara de la Construcci\u00f3n por ser un aliado estrat\u00e9gico durante estas cinco d\u00e9cadas, en las cuales ha compartido una visi\u00f3n conjunta para transformar el sector en uno m\u00e1s eficiente y responsable.<\/p>\n","protected":false},"excerpt":{"rendered":"<p>Quito.- Plastigama Wavin, l\u00edder en soluciones innovadoras para sistemas de tuber\u00edas y sostenibilidad, fue reconocida el pasado 4 de diciembre por la C\u00e1mara de la Construcci\u00f3n en un emotivo acto conmemorativo que celebr\u00f3 sus 50 a\u00f1os de membres\u00eda y contribuci\u00f3n al sector. Este reconocimiento reafirma el compromiso continuo de la marca en promover pr\u00e1cticas responsables [&hellip;]<\/p>\n","protected":false},"author":2,"featured_media":22813,"comment_status":"open","ping_status":"closed","sticky":false,"template":"","format":"standard","meta":{"_jetpack_memberships_contains_paid_content":false,"footnotes":""},"categories":[13],"tags":[3066],"class_list":["post-22812","post","type-post","status-publish","format-standard","has-post-thumbnail","hentry","category-noticias-nacionales","tag-plastigama-wavin"],"jetpack_featured_media_url":"https:\/\/radiocresatelital.com\/wp-content\/uploads\/2025\/01\/WhatsApp-Image-2025-01-07-at-17.39.15.jpeg","jetpack_sharing_enabled":true,"_links":{"self":[{"href":"https:\/\/radiocresatelital.com\/index.php?rest_route=\/wp\/v2\/posts\/22812","targetHints":{"allow":["GET"]}}],"collection":[{"href":"https:\/\/radiocresatelital.com\/index.php?rest_route=\/wp\/v2\/posts"}],"about":[{"href":"https:\/\/radiocresatelital.com\/index.php?rest_route=\/wp\/v2\/types\/post"}],"author":[{"embeddable":true,"href":"https:\/\/radiocresatelital.com\/index.php?rest_route=\/wp\/v2\/users\/2"}],"replies":[{"embeddable":true,"href":"https:\/\/radiocresatelital.com\/index.php?rest_route=%2Fwp%2Fv2%2Fcomments&post=22812"}],"version-history":[{"count":3,"href":"https:\/\/radiocresatelital.com\/index.php?rest_route=\/wp\/v2\/posts\/22812\/revisions"}],"predecessor-version":[{"id":22816,"href":"https:\/\/radiocresatelital.com\/index.php?rest_route=\/wp\/v2\/posts\/22812\/revisions\/22816"}],"wp:featuredmedia":[{"embeddable":true,"href":"https:\/\/radiocresatelital.com\/index.php?rest_route=\/wp\/v2\/media\/22813"}],"wp:attachment":[{"href":"https:\/\/radiocresatelital.com\/index.php?rest_route=%2Fwp%2Fv2%2Fmedia&parent=22812"}],"wp:term":[{"taxonomy":"category","embeddable":true,"href":"https:\/\/radiocresatelital.com\/index.php?rest_route=%2Fwp%2Fv2%2Fcategories&post=22812"},{"taxonomy":"post_tag","embeddable":true,"href":"https:\/\/radiocresatelital.com\/index.php?rest_route=%2Fwp%2Fv2%2Ftags&post=22812"}],"curies":[{"name":"wp","href":"https:\/\/api.w.org\/{rel}","templated":true}]}}