{"id":22809,"date":"2025-01-07T22:38:40","date_gmt":"2025-01-07T22:38:40","guid":{"rendered":"https:\/\/radiocresatelital.com\/?p=22809"},"modified":"2025-01-07T22:38:40","modified_gmt":"2025-01-07T22:38:40","slug":"atm-activara-un-carril-de-contraflujo-nocturno-durante-el-hormigonado-de-los-pasos-peatonales-elevado","status":"publish","type":"post","link":"https:\/\/radiocresatelital.com\/?p=22809","title":{"rendered":"ATM activar\u00e1 un carril de contraflujo nocturno durante el hormigonado de los pasos peatonales elevado"},"content":{"rendered":"<p>Guayaquil.- El primer cierre total nocturno de los carriles de circulaci\u00f3n ser\u00e1 para el hormigonado de la losa del paso peatonal elevado que se construye en el km 11.8, a la altura de la Urbanizaci\u00f3n Portal al Sol.<\/p>\n<p>La primera fase ser\u00e1 en el sentido Puerto Azul \u2013 Chong\u00f3n, desde las 22h00 de este martes 7 de enero hasta las 05h00 del mi\u00e9rcoles 8 de enero de 2025.<\/p>\n<p>Para ello, la Agencia de Tr\u00e1nsito y Movilidad (ATM) a trav\u00e9s de la direcci\u00f3n de Control de Tr\u00e1nsito coordina la ubicaci\u00f3n de los respectivos dispositivos de seguridad por parte de la empresa contratista durante la activaci\u00f3n del carril de contraflujo, as\u00ed como la presencia de agentes y patrullas que redireccionar\u00e1n la movilidad en la zona.<\/p>\n<p>El desv\u00edo del tr\u00e1nsito se realizar\u00e1 desde el primer retorno ubicado diagonal a la gasolinera Primax, hasta el segundo retorno a la altura del colegio Logos.<\/p>\n<p>En tanto que, para el viernes 10 de enero est\u00e1n previstos trabajos similares en el paso peatonal que se construye en el km 14.2, a la altura de Mi Comisariato, por lo que se realizar\u00e1 el mismo procedimiento para la circulaci\u00f3n vehicular.<\/p>\n<p>Se recomienda a los conductores tomar las respectivas precauciones al momento de circular por la zona, respetando los l\u00edmites de velocidad y mantenerse atento a la se\u00f1alizaci\u00f3n en dichos puntos con obra municipal.<\/p>\n","protected":false},"excerpt":{"rendered":"<p>Guayaquil.- El primer cierre total nocturno de los carriles de circulaci\u00f3n ser\u00e1 para el hormigonado de la losa del paso peatonal elevado que se construye en el km 11.8, a la altura de la Urbanizaci\u00f3n Portal al Sol. La primera fase ser\u00e1 en el sentido Puerto Azul \u2013 Chong\u00f3n, desde las 22h00 de este martes [&hellip;]<\/p>\n","protected":false},"author":2,"featured_media":22810,"comment_status":"open","ping_status":"closed","sticky":false,"template":"","format":"standard","meta":{"_jetpack_memberships_contains_paid_content":false,"footnotes":""},"categories":[33,13],"tags":[1721],"class_list":["post-22809","post","type-post","status-publish","format-standard","has-post-thumbnail","hentry","category-guayaquil","category-noticias-nacionales","tag-agencia-de-transito-y-movilidad"],"jetpack_featured_media_url":"https:\/\/radiocresatelital.com\/wp-content\/uploads\/2025\/01\/659d82ae923bc.jpeg","jetpack_sharing_enabled":true,"_links":{"self":[{"href":"https:\/\/radiocresatelital.com\/index.php?rest_route=\/wp\/v2\/posts\/22809","targetHints":{"allow":["GET"]}}],"collection":[{"href":"https:\/\/radiocresatelital.com\/index.php?rest_route=\/wp\/v2\/posts"}],"about":[{"href":"https:\/\/radiocresatelital.com\/index.php?rest_route=\/wp\/v2\/types\/post"}],"author":[{"embeddable":true,"href":"https:\/\/radiocresatelital.com\/index.php?rest_route=\/wp\/v2\/users\/2"}],"replies":[{"embeddable":true,"href":"https:\/\/radiocresatelital.com\/index.php?rest_route=%2Fwp%2Fv2%2Fcomments&post=22809"}],"version-history":[{"count":1,"href":"https:\/\/radiocresatelital.com\/index.php?rest_route=\/wp\/v2\/posts\/22809\/revisions"}],"predecessor-version":[{"id":22811,"href":"https:\/\/radiocresatelital.com\/index.php?rest_route=\/wp\/v2\/posts\/22809\/revisions\/22811"}],"wp:featuredmedia":[{"embeddable":true,"href":"https:\/\/radiocresatelital.com\/index.php?rest_route=\/wp\/v2\/media\/22810"}],"wp:attachment":[{"href":"https:\/\/radiocresatelital.com\/index.php?rest_route=%2Fwp%2Fv2%2Fmedia&parent=22809"}],"wp:term":[{"taxonomy":"category","embeddable":true,"href":"https:\/\/radiocresatelital.com\/index.php?rest_route=%2Fwp%2Fv2%2Fcategories&post=22809"},{"taxonomy":"post_tag","embeddable":true,"href":"https:\/\/radiocresatelital.com\/index.php?rest_route=%2Fwp%2Fv2%2Ftags&post=22809"}],"curies":[{"name":"wp","href":"https:\/\/api.w.org\/{rel}","templated":true}]}}