{"id":22804,"date":"2025-01-07T22:24:58","date_gmt":"2025-01-07T22:24:58","guid":{"rendered":"https:\/\/radiocresatelital.com\/?p=22804"},"modified":"2025-01-07T22:24:58","modified_gmt":"2025-01-07T22:24:58","slug":"gobierno-nacional-robustece-la-atencion-de-madres-gestantes-con-la-nueva-unidad-de-cuidados-intensivos-maternos-del-hospital-matilde-hidalgo-de-procel","status":"publish","type":"post","link":"https:\/\/radiocresatelital.com\/?p=22804","title":{"rendered":"Gobierno Nacional robustece la atenci\u00f3n de madres gestantes con la nueva unidad de cuidados intensivos maternos del Hospital \u00abMatilde Hidalgo de Procel\u00bb"},"content":{"rendered":"<p>Guayaquil.- El Ministerio de Salud P\u00fablica (MSP), a trav\u00e9s de su titular, el ministro Antonio Naranjo, inform\u00f3 este 7 de enero de 2025 sobre la inauguraci\u00f3n de la Unidad de Terapia Intensiva Materna del Hospital Gineco-Obst\u00e9trico Matilde Hidalgo de Procel. El Presidente Daniel Noboa Azin recorri\u00f3 las instalaciones, constatando los trabajos de la obra y destacando la importancia de contar con establecimientos de salud que garanticen un servicio digno y oportuno para las mujeres gestantes, evitando derivaciones y disminuyendo la mortalidad materna.<\/p>\n<p>\u201cYa le dimos la vuelta a lo m\u00e1s dif\u00edcil, que era recuperar la esperanza de las personas. Nuestro compromiso es mejorar espacios como este y que todas las madres puedan tener a sus hijos bien cuidados y reciban una atenci\u00f3n humana de alt\u00edsima calidad\u201d, expres\u00f3 el Jefe de Estado.<\/p>\n<p>El Hospital Matilde Hidalgo de Procel es reconocido como un hospital gineco-obst\u00e9trico de primer nivel.<\/p>\n<p>Precisamente, el ministro Antonio Naranjo afirm\u00f3 que es un referente de la regi\u00f3n del Litoral al concentrar la mayor parte de la atenci\u00f3n obst\u00e9trica. El ministro Naranjo detall\u00f3 que esta \u00e1rea ahora contar\u00e1 con diez camas nuevas; de las cuales seis est\u00e1n en cuidados intermedios y cuatro en cuidados intensivos; y 23 nuevos profesionales de la salud. \u201cLo importante es el trato humano y el acercamiento que podemos dar al paciente. Este fue un compromiso que adquirimos: devolverle al pa\u00eds una medicina y salud de calidad, calidez, humanizada\u201d, puntualiz\u00f3 Naranjo.<\/p>\n<p>La creaci\u00f3n de la Unidad de Terapia Intensiva Materna permitir\u00e1 la mejora de la atenci\u00f3n especializada en la zona, la eliminaci\u00f3n de traslados de pacientes a otros hospitales, la optimizaci\u00f3n de los recursos del sistema de salud y el fortalecimiento de los servicios de atenci\u00f3n integral madre e hijo como ESAMYN (Establecimiento de Salud Amigo de la Madre y el Ni\u00f1o); y el desarrollo del Programa Canguro para el cuidado de reci\u00e9n nacidos prematuros.<\/p>\n<p>La construcci\u00f3n y equipamiento de esta unidad representa una inversi\u00f3n total de alrededor de USD 3.3 millones distribuidos en infraestructura, equipamiento y contrataci\u00f3n de talento humano especializado.<\/p>\n<p>La gerente hospitalaria del establecimiento, Ana Mej\u00eda, asegur\u00f3 que, como personal de la salud, \u201cestamos comprometidos en apoyar a las pacientes en las complicaciones que se puedan presentar en el embarazo, parto y puerperio\u201d.<\/p>\n<p>Margarita Dom\u00ednguez, usuaria del hospital, confirm\u00f3 que ha recibido atenci\u00f3n priorizada al tener un embarazo de alto riesgo debido a un cuadro de asma. \u201cMe siento enormemente agradecida por el esfuerzo, dedicaci\u00f3n y cari\u00f1o con el que el hospital atiende a las embarazadas\u201d.<\/p>\n<p>Al finalizar este acto el Presidente de la Rep\u00fablica se\u00f1al\u00f3: \u201ceste tipo de recorridos son lo que m\u00e1s satisfacci\u00f3n da como gobernante, al ver c\u00f3mo han cambiado las cosas desde el d\u00eda que entramos y luego de todos los problemas que recibimos\u201d.<\/p>\n","protected":false},"excerpt":{"rendered":"<p>Guayaquil.- El Ministerio de Salud P\u00fablica (MSP), a trav\u00e9s de su titular, el ministro Antonio Naranjo, inform\u00f3 este 7 de enero de 2025 sobre la inauguraci\u00f3n de la Unidad de Terapia Intensiva Materna del Hospital Gineco-Obst\u00e9trico Matilde Hidalgo de Procel. El Presidente Daniel Noboa Azin recorri\u00f3 las instalaciones, constatando los trabajos de la obra y [&hellip;]<\/p>\n","protected":false},"author":2,"featured_media":22805,"comment_status":"open","ping_status":"closed","sticky":false,"template":"","format":"standard","meta":{"_jetpack_memberships_contains_paid_content":false,"footnotes":""},"categories":[13],"tags":[148,3594,1322],"class_list":["post-22804","post","type-post","status-publish","format-standard","has-post-thumbnail","hentry","category-noticias-nacionales","tag-ministerio-de-salud-publica","tag-ministro-antonio-naranjo","tag-presidente-daniel-noboa"],"jetpack_featured_media_url":"https:\/\/radiocresatelital.com\/wp-content\/uploads\/2025\/01\/54253116384_da2feaf2de_c.jpg","jetpack_sharing_enabled":true,"_links":{"self":[{"href":"https:\/\/radiocresatelital.com\/index.php?rest_route=\/wp\/v2\/posts\/22804","targetHints":{"allow":["GET"]}}],"collection":[{"href":"https:\/\/radiocresatelital.com\/index.php?rest_route=\/wp\/v2\/posts"}],"about":[{"href":"https:\/\/radiocresatelital.com\/index.php?rest_route=\/wp\/v2\/types\/post"}],"author":[{"embeddable":true,"href":"https:\/\/radiocresatelital.com\/index.php?rest_route=\/wp\/v2\/users\/2"}],"replies":[{"embeddable":true,"href":"https:\/\/radiocresatelital.com\/index.php?rest_route=%2Fwp%2Fv2%2Fcomments&post=22804"}],"version-history":[{"count":1,"href":"https:\/\/radiocresatelital.com\/index.php?rest_route=\/wp\/v2\/posts\/22804\/revisions"}],"predecessor-version":[{"id":22806,"href":"https:\/\/radiocresatelital.com\/index.php?rest_route=\/wp\/v2\/posts\/22804\/revisions\/22806"}],"wp:featuredmedia":[{"embeddable":true,"href":"https:\/\/radiocresatelital.com\/index.php?rest_route=\/wp\/v2\/media\/22805"}],"wp:attachment":[{"href":"https:\/\/radiocresatelital.com\/index.php?rest_route=%2Fwp%2Fv2%2Fmedia&parent=22804"}],"wp:term":[{"taxonomy":"category","embeddable":true,"href":"https:\/\/radiocresatelital.com\/index.php?rest_route=%2Fwp%2Fv2%2Fcategories&post=22804"},{"taxonomy":"post_tag","embeddable":true,"href":"https:\/\/radiocresatelital.com\/index.php?rest_route=%2Fwp%2Fv2%2Ftags&post=22804"}],"curies":[{"name":"wp","href":"https:\/\/api.w.org\/{rel}","templated":true}]}}