{"id":228,"date":"2023-06-22T20:48:33","date_gmt":"2023-06-22T20:48:33","guid":{"rendered":"https:\/\/radiocresatelital.com\/?p=228"},"modified":"2023-06-22T20:49:08","modified_gmt":"2023-06-22T20:49:08","slug":"228","status":"publish","type":"post","link":"https:\/\/radiocresatelital.com\/?p=228","title":{"rendered":"Emelec trabaj\u00f3 con normalidad previo al cotejo de Copa Sudamericana"},"content":{"rendered":"<p>Guayaquil.- En este momento debo estar quieto porque quiero que mis jugadores est\u00e9n tranquilos, hay un partido importante contra Danubio y no me voy a poner a decir: \u2018voy a sacar a este\u2019 o \u2018necesito a alguien para este puesto\u2019, porque a todos los necesitamos para esta competencia, fueron declaraciones del t\u00e9cnico azul en rueda de prensa.<\/p>\n<p>He tratado que el equipo est\u00e9 ordenado, no digo que antes no lo haya estado, sino ordenado para lo que yo quiero. Pienso que poco a poco hemos tomado la idea que quiero implementar en Emelec, recalco Hern\u00e1sn Torres.<\/p>\n<p>Despu\u00e9s de que pase esto, tomaremos la decisi\u00f3n y todos conocer\u00e1n lo que se va a hacer, pero en este momento hay que enfocarnos en el partido, comentaba el timonel del cuadro azul luego del entrenamiento del equipo previo al encuentro por Copa Sudamericana a disputarse este mi\u00e9rcoles en el Capwell ante Danubio.<\/p>\n<p>Para este partido, el cuadro azul tiene tres bajas, Bryan Carabal\u00ed, Samuel Sosa y Miller Bola\u00f1os para jugar su \u00faltimo partido por la Copa Sudamericana.<\/p>\n","protected":false},"excerpt":{"rendered":"<p>Guayaquil.- En este momento debo estar quieto porque quiero que mis jugadores est\u00e9n tranquilos, hay un partido importante contra Danubio y no me voy a poner a decir: \u2018voy a sacar a este\u2019 o \u2018necesito a alguien para este puesto\u2019, porque a todos los necesitamos para esta competencia, fueron declaraciones del t\u00e9cnico azul en rueda [&hellip;]<\/p>\n","protected":false},"author":2,"featured_media":229,"comment_status":"open","ping_status":"closed","sticky":false,"template":"","format":"standard","meta":{"_jetpack_memberships_contains_paid_content":false,"footnotes":""},"categories":[55],"tags":[56],"class_list":["post-228","post","type-post","status-publish","format-standard","has-post-thumbnail","hentry","category-copa-sudamericana","tag-emelec"],"jetpack_featured_media_url":"https:\/\/radiocresatelital.com\/wp-content\/uploads\/2023\/06\/FzPncXDXwA0frsc.jpg","jetpack_sharing_enabled":true,"_links":{"self":[{"href":"https:\/\/radiocresatelital.com\/index.php?rest_route=\/wp\/v2\/posts\/228","targetHints":{"allow":["GET"]}}],"collection":[{"href":"https:\/\/radiocresatelital.com\/index.php?rest_route=\/wp\/v2\/posts"}],"about":[{"href":"https:\/\/radiocresatelital.com\/index.php?rest_route=\/wp\/v2\/types\/post"}],"author":[{"embeddable":true,"href":"https:\/\/radiocresatelital.com\/index.php?rest_route=\/wp\/v2\/users\/2"}],"replies":[{"embeddable":true,"href":"https:\/\/radiocresatelital.com\/index.php?rest_route=%2Fwp%2Fv2%2Fcomments&post=228"}],"version-history":[{"count":2,"href":"https:\/\/radiocresatelital.com\/index.php?rest_route=\/wp\/v2\/posts\/228\/revisions"}],"predecessor-version":[{"id":231,"href":"https:\/\/radiocresatelital.com\/index.php?rest_route=\/wp\/v2\/posts\/228\/revisions\/231"}],"wp:featuredmedia":[{"embeddable":true,"href":"https:\/\/radiocresatelital.com\/index.php?rest_route=\/wp\/v2\/media\/229"}],"wp:attachment":[{"href":"https:\/\/radiocresatelital.com\/index.php?rest_route=%2Fwp%2Fv2%2Fmedia&parent=228"}],"wp:term":[{"taxonomy":"category","embeddable":true,"href":"https:\/\/radiocresatelital.com\/index.php?rest_route=%2Fwp%2Fv2%2Fcategories&post=228"},{"taxonomy":"post_tag","embeddable":true,"href":"https:\/\/radiocresatelital.com\/index.php?rest_route=%2Fwp%2Fv2%2Ftags&post=228"}],"curies":[{"name":"wp","href":"https:\/\/api.w.org\/{rel}","templated":true}]}}