{"id":22797,"date":"2025-01-07T21:59:01","date_gmt":"2025-01-07T21:59:01","guid":{"rendered":"https:\/\/radiocresatelital.com\/?p=22797"},"modified":"2025-01-07T21:59:01","modified_gmt":"2025-01-07T21:59:01","slug":"mag-coordina-trabajo-con-participantes-del-programa-gubernamental-jovenes-en-accion-en-manabi","status":"publish","type":"post","link":"https:\/\/radiocresatelital.com\/?p=22797","title":{"rendered":"MAG coordina trabajo con participantes del programa gubernamental \u201cJ\u00f3venes en Acci\u00f3n\u201d en Manab\u00ed"},"content":{"rendered":"<p>Portoviejo.- Un total de 444 j\u00f3venes, de entre 18 y 29 a\u00f1os, de varios cantones de la provincia fueron parte de la capacitaci\u00f3n que impartieron t\u00e9cnicos del Ministerio de Agricultura y Ganader\u00eda (MAG), con el objetivo de fortalecer sus capacidades t\u00e9cnicas y laborales, previo a la participaci\u00f3n en el desarrollo de actividades agropecuarias en la provincia.<\/p>\n<p>J\u00f3venes en Acci\u00f3n es una iniciativa que reconoce en la juventud el talento, la visi\u00f3n y el liderazgo necesarios para asumir un papel clave en la construcci\u00f3n de un futuro m\u00e1s prometedor para Ecuador, convirti\u00e9ndose en protagonista activa de la transformaci\u00f3n social, econ\u00f3mica y ambiental del Ecuador.<\/p>\n<p>Leopoldo Viteri, director Distrital del MAG en Manab\u00ed, destac\u00f3 el compromiso de los j\u00f3venes para desarrollar estas actividades en las \u00e1reas de trazabilidad (caf\u00e9 y cacao), inventario de sistemas de riego y pluvi\u00f3metro, producci\u00f3n bovina y en \u00e1rea forestal. Cada uno de ellos percibir\u00e1 un salario mensual de 400 d\u00f3lares durante tres meses, adem\u00e1s de que estas actividades les permitir\u00e1n obtener experiencia en el \u00e1mbito laboral.<\/p>\n<p>Los j\u00f3venes fueron capacitados en el uso de herramientas tecnol\u00f3gicas para levantar informaci\u00f3n a peque\u00f1os productores de cacao, caf\u00e9, en fincas que van desde 0,25 hasta 6 hect\u00e1reas, adem\u00e1s de sectores agr\u00edcolas, pecuarios y forestales, la informaci\u00f3n que reporten semanalmente ser\u00e1 consolidada y al termino del proceso permitir\u00e1 obtener mapeado todo el territorio agr\u00edcola y pecuario de la provincia, destac\u00f3 Viteri.<\/p>\n<p>Pastor Olave, encargado del proceso, motiv\u00f3 a los participantes a trabajar con mucha cautela, para lo cual emplear\u00e1n aplicaciones m\u00f3viles para georreferenciar los predios donde est\u00e1n ubicados los cultivos, todo esto supervisado por los t\u00e9cnicos del MAG en territorio. Al t\u00e9rmino del trabajo se entregar\u00e1n a los j\u00f3venes certificados que avalan su experiencia, para que tengan posibilidades de inserci\u00f3n laboral, especialmente en el sector agropecuario.<\/p>\n<p>Peter Zavala, participante del programa, dijo que esta es una muy buena labor que emprende el Gobierno en beneficio de los j\u00f3venes, pues les permite ganar experiencia bajo supervisi\u00f3n directa de t\u00e9cnicos especialistas para garantizar la correcta recolecci\u00f3n de datos, conocer la realidad del campo, obtener un salario por tres meses y con la informaci\u00f3n recopilada a mejorar la realidad del sector campesino.<\/p>\n","protected":false},"excerpt":{"rendered":"<p>Portoviejo.- Un total de 444 j\u00f3venes, de entre 18 y 29 a\u00f1os, de varios cantones de la provincia fueron parte de la capacitaci\u00f3n que impartieron t\u00e9cnicos del Ministerio de Agricultura y Ganader\u00eda (MAG), con el objetivo de fortalecer sus capacidades t\u00e9cnicas y laborales, previo a la participaci\u00f3n en el desarrollo de actividades agropecuarias en la [&hellip;]<\/p>\n","protected":false},"author":2,"featured_media":22798,"comment_status":"open","ping_status":"closed","sticky":false,"template":"","format":"standard","meta":{"_jetpack_memberships_contains_paid_content":false,"footnotes":""},"categories":[13],"tags":[294],"class_list":["post-22797","post","type-post","status-publish","format-standard","has-post-thumbnail","hentry","category-noticias-nacionales","tag-ministerio-de-agricultura-y-ganaderia"],"jetpack_featured_media_url":"https:\/\/radiocresatelital.com\/wp-content\/uploads\/2025\/01\/WhatsApp-Image-2025-01-07-at-16.56.02.jpeg","jetpack_sharing_enabled":true,"_links":{"self":[{"href":"https:\/\/radiocresatelital.com\/index.php?rest_route=\/wp\/v2\/posts\/22797","targetHints":{"allow":["GET"]}}],"collection":[{"href":"https:\/\/radiocresatelital.com\/index.php?rest_route=\/wp\/v2\/posts"}],"about":[{"href":"https:\/\/radiocresatelital.com\/index.php?rest_route=\/wp\/v2\/types\/post"}],"author":[{"embeddable":true,"href":"https:\/\/radiocresatelital.com\/index.php?rest_route=\/wp\/v2\/users\/2"}],"replies":[{"embeddable":true,"href":"https:\/\/radiocresatelital.com\/index.php?rest_route=%2Fwp%2Fv2%2Fcomments&post=22797"}],"version-history":[{"count":1,"href":"https:\/\/radiocresatelital.com\/index.php?rest_route=\/wp\/v2\/posts\/22797\/revisions"}],"predecessor-version":[{"id":22799,"href":"https:\/\/radiocresatelital.com\/index.php?rest_route=\/wp\/v2\/posts\/22797\/revisions\/22799"}],"wp:featuredmedia":[{"embeddable":true,"href":"https:\/\/radiocresatelital.com\/index.php?rest_route=\/wp\/v2\/media\/22798"}],"wp:attachment":[{"href":"https:\/\/radiocresatelital.com\/index.php?rest_route=%2Fwp%2Fv2%2Fmedia&parent=22797"}],"wp:term":[{"taxonomy":"category","embeddable":true,"href":"https:\/\/radiocresatelital.com\/index.php?rest_route=%2Fwp%2Fv2%2Fcategories&post=22797"},{"taxonomy":"post_tag","embeddable":true,"href":"https:\/\/radiocresatelital.com\/index.php?rest_route=%2Fwp%2Fv2%2Ftags&post=22797"}],"curies":[{"name":"wp","href":"https:\/\/api.w.org\/{rel}","templated":true}]}}