{"id":22764,"date":"2025-01-07T20:25:33","date_gmt":"2025-01-07T20:25:33","guid":{"rendered":"https:\/\/radiocresatelital.com\/?p=22764"},"modified":"2025-01-07T20:25:33","modified_gmt":"2025-01-07T20:25:33","slug":"recaudacion-supera-los-usd-2-5-millones-en-primeros-dias-del-pago-del-impuesto-predial-y-otras-contribuciones","status":"publish","type":"post","link":"https:\/\/radiocresatelital.com\/?p=22764","title":{"rendered":"Recaudaci\u00f3n supera los USD 2.5 millones en primeros d\u00edas del pago del impuesto predial y otras contribuciones"},"content":{"rendered":"<p>Guayaquil.- La Alcald\u00eda de Guayaquil registra una recaudaci\u00f3n de USD 2\u2019536.381,71 entre el 1 de enero y las 8:00 de este martes, por concepto de pago de impuestos, tasas y contribuciones especiales correspondientes al ejercicio econ\u00f3mico 2025.<\/p>\n<p>Ese monto corresponde a 50.501 transacciones realizadas de modo presencial en el Palacio Municipal, en l\u00ednea y a trav\u00e9s de los canales autorizados por la Municipalidad en el sistema financiero.<\/p>\n<p>De acuerdo con datos de la Direcci\u00f3n Financiera, 37.547 transacciones son por pago de Impuesto Predial Urbano y 10.372 por Contribuci\u00f3n Especial de Mejoras (CEM).<\/p>\n<p>Para el pago presencial, en ventanillas del Palacio, se habilitaron inicialmente 17 ventanillas. Sin embargo, el lunes &#8211; debido a la alta afluencia de ciudadanos en el cumplimiento de sus obligaciones &#8211; se ampli\u00f3 a 21 y para este martes son 23. Para una atenci\u00f3n r\u00e1pida y efectiva, se destinaron 7 de ellas para las personas de la tercera edad.<\/p>\n<p>El Alcalde Aquiles Alvarez dispuso dar prioridad a los adultos con movilidad reducida, grupos vulnerables y personas de la tercera edad.<\/p>\n<p>En esa \u00faltima condici\u00f3n se encuentra Sonia Delgado, quien vino desde Mucho Lote 2 para pagar personalmente sus obligaciones.<\/p>\n<p>\u201cVine a eso de las ocho y ya estoy libre\u2026 yo veo un trato m\u00e1s humano, por ejemplo, las sillas uno que es mayor, necesita sentarse\u201d, indic\u00f3 la ciudadana en menci\u00f3n.<\/p>\n<p>Pantallas informativas y personal capacitado para brindar atenci\u00f3n prioritaria se evidencia en los alrededores del Palacio Municipal.<\/p>\n<p>\u201cVeo el movimiento r\u00e1pido, hay personas que asesoran cualquier inquietud que tenga el usuario, lo veo m\u00e1s f\u00e1cil\u201d as\u00ed lo coment\u00f3 Clara Altamirano, quien lleg\u00f3 desde el suroeste de la ciudad para pagar sus impuestos.<\/p>\n<p>La atenci\u00f3n al p\u00fablico es de 7:00 hasta las 17:00 de lunes a viernes. Mientras que, los s\u00e1bados 11, 18 y 25, el cobro estar\u00e1 disponible desde las 08h00 hasta 12h00 locales (13h00 hasta las 17h00 GMT).<\/p>\n<p>El prop\u00f3sito es que la mayor cantidad de usuarios aprovechen los descuentos establecidos: 10% para quienes paguen hasta el 15 de enero, 9% para la segunda quincena de ese mes y as\u00ed un punto porcentual de forma descendente hasta llegar a 1 en junio.<\/p>\n<p>La concejala Emily Vera asegur\u00f3 que cada d\u00f3lar que ingresa a las arcas municipales se reinvierten en obra p\u00fablica, servicios y proyectos sociales. As\u00ed, se administra responsablemente los recursos de la Ciudad de Todos.<\/p>\n","protected":false},"excerpt":{"rendered":"<p>Guayaquil.- La Alcald\u00eda de Guayaquil registra una recaudaci\u00f3n de USD 2\u2019536.381,71 entre el 1 de enero y las 8:00 de este martes, por concepto de pago de impuestos, tasas y contribuciones especiales correspondientes al ejercicio econ\u00f3mico 2025. Ese monto corresponde a 50.501 transacciones realizadas de modo presencial en el Palacio Municipal, en l\u00ednea y a [&hellip;]<\/p>\n","protected":false},"author":2,"featured_media":22765,"comment_status":"open","ping_status":"closed","sticky":false,"template":"","format":"standard","meta":{"_jetpack_memberships_contains_paid_content":false,"footnotes":""},"categories":[33,13],"tags":[293],"class_list":["post-22764","post","type-post","status-publish","format-standard","has-post-thumbnail","hentry","category-guayaquil","category-noticias-nacionales","tag-alcaldia-de-guayaquil"],"jetpack_featured_media_url":"https:\/\/radiocresatelital.com\/wp-content\/uploads\/2025\/01\/prediales.jpg","jetpack_sharing_enabled":true,"_links":{"self":[{"href":"https:\/\/radiocresatelital.com\/index.php?rest_route=\/wp\/v2\/posts\/22764","targetHints":{"allow":["GET"]}}],"collection":[{"href":"https:\/\/radiocresatelital.com\/index.php?rest_route=\/wp\/v2\/posts"}],"about":[{"href":"https:\/\/radiocresatelital.com\/index.php?rest_route=\/wp\/v2\/types\/post"}],"author":[{"embeddable":true,"href":"https:\/\/radiocresatelital.com\/index.php?rest_route=\/wp\/v2\/users\/2"}],"replies":[{"embeddable":true,"href":"https:\/\/radiocresatelital.com\/index.php?rest_route=%2Fwp%2Fv2%2Fcomments&post=22764"}],"version-history":[{"count":1,"href":"https:\/\/radiocresatelital.com\/index.php?rest_route=\/wp\/v2\/posts\/22764\/revisions"}],"predecessor-version":[{"id":22766,"href":"https:\/\/radiocresatelital.com\/index.php?rest_route=\/wp\/v2\/posts\/22764\/revisions\/22766"}],"wp:featuredmedia":[{"embeddable":true,"href":"https:\/\/radiocresatelital.com\/index.php?rest_route=\/wp\/v2\/media\/22765"}],"wp:attachment":[{"href":"https:\/\/radiocresatelital.com\/index.php?rest_route=%2Fwp%2Fv2%2Fmedia&parent=22764"}],"wp:term":[{"taxonomy":"category","embeddable":true,"href":"https:\/\/radiocresatelital.com\/index.php?rest_route=%2Fwp%2Fv2%2Fcategories&post=22764"},{"taxonomy":"post_tag","embeddable":true,"href":"https:\/\/radiocresatelital.com\/index.php?rest_route=%2Fwp%2Fv2%2Ftags&post=22764"}],"curies":[{"name":"wp","href":"https:\/\/api.w.org\/{rel}","templated":true}]}}