{"id":22693,"date":"2025-01-06T16:04:13","date_gmt":"2025-01-06T16:04:13","guid":{"rendered":"https:\/\/radiocresatelital.com\/?p=22693"},"modified":"2025-01-06T16:04:13","modified_gmt":"2025-01-06T16:04:13","slug":"jorge-glas-movido-como-ficha-de-ajedrez-para-preservar-su-seguridad-esta-de-nuevo-en-la-roca","status":"publish","type":"post","link":"https:\/\/radiocresatelital.com\/?p=22693","title":{"rendered":"Jorge Glas: Movido como \u00abficha de ajedr\u00e9z\u00bb para preservar su seguridad esta de nuevo en La Roca"},"content":{"rendered":"<p>Guayaquil.- Luego de constantes rumores y de que la Abgda. defensora de Jorge Glas, Sonia Vera, denunciara que la vida del ex vicepresidente estaba en peligro, SNAI, confirm\u00f3 que exist\u00edan incidentes en las c\u00e1rceles del pa\u00eds; se retir\u00f3 a Glas de La Roca y lo llevaron con rumbo incierto para salvaguardar su vida, pero lo retornaron a su celda en la c\u00e1rcel de m\u00e1xima seguridad ayer domingo, 5 de enero.<\/p>\n<p>A continuaci\u00f3n el comunicado oficil de SNAI.<\/p>\n<p><img decoding=\"async\" src=\"https:\/\/pbs.twimg.com\/media\/Ggk0tMKW4AAjwMP?format=jpg&amp;name=small\" alt=\"Imagen\" \/><\/p>\n","protected":false},"excerpt":{"rendered":"<p>Guayaquil.- Luego de constantes rumores y de que la Abgda. defensora de Jorge Glas, Sonia Vera, denunciara que la vida del ex vicepresidente estaba en peligro, SNAI, confirm\u00f3 que exist\u00edan incidentes en las c\u00e1rceles del pa\u00eds; se retir\u00f3 a Glas de La Roca y lo llevaron con rumbo incierto para salvaguardar su vida, pero lo [&hellip;]<\/p>\n","protected":false},"author":3,"featured_media":3509,"comment_status":"open","ping_status":"closed","sticky":false,"template":"","format":"standard","meta":{"_jetpack_memberships_contains_paid_content":false,"footnotes":""},"categories":[13],"tags":[368],"class_list":["post-22693","post","type-post","status-publish","format-standard","has-post-thumbnail","hentry","category-noticias-nacionales","tag-snai"],"jetpack_featured_media_url":"https:\/\/radiocresatelital.com\/wp-content\/uploads\/2023\/09\/snai.jpg","jetpack_sharing_enabled":true,"_links":{"self":[{"href":"https:\/\/radiocresatelital.com\/index.php?rest_route=\/wp\/v2\/posts\/22693","targetHints":{"allow":["GET"]}}],"collection":[{"href":"https:\/\/radiocresatelital.com\/index.php?rest_route=\/wp\/v2\/posts"}],"about":[{"href":"https:\/\/radiocresatelital.com\/index.php?rest_route=\/wp\/v2\/types\/post"}],"author":[{"embeddable":true,"href":"https:\/\/radiocresatelital.com\/index.php?rest_route=\/wp\/v2\/users\/3"}],"replies":[{"embeddable":true,"href":"https:\/\/radiocresatelital.com\/index.php?rest_route=%2Fwp%2Fv2%2Fcomments&post=22693"}],"version-history":[{"count":1,"href":"https:\/\/radiocresatelital.com\/index.php?rest_route=\/wp\/v2\/posts\/22693\/revisions"}],"predecessor-version":[{"id":22694,"href":"https:\/\/radiocresatelital.com\/index.php?rest_route=\/wp\/v2\/posts\/22693\/revisions\/22694"}],"wp:featuredmedia":[{"embeddable":true,"href":"https:\/\/radiocresatelital.com\/index.php?rest_route=\/wp\/v2\/media\/3509"}],"wp:attachment":[{"href":"https:\/\/radiocresatelital.com\/index.php?rest_route=%2Fwp%2Fv2%2Fmedia&parent=22693"}],"wp:term":[{"taxonomy":"category","embeddable":true,"href":"https:\/\/radiocresatelital.com\/index.php?rest_route=%2Fwp%2Fv2%2Fcategories&post=22693"},{"taxonomy":"post_tag","embeddable":true,"href":"https:\/\/radiocresatelital.com\/index.php?rest_route=%2Fwp%2Fv2%2Ftags&post=22693"}],"curies":[{"name":"wp","href":"https:\/\/api.w.org\/{rel}","templated":true}]}}