{"id":22687,"date":"2025-01-06T15:43:18","date_gmt":"2025-01-06T15:43:18","guid":{"rendered":"https:\/\/radiocresatelital.com\/?p=22687"},"modified":"2025-01-06T15:43:18","modified_gmt":"2025-01-06T15:43:18","slug":"daniel-noboa-no-pedira-licencia-porque-no-hara-campana-electoral","status":"publish","type":"post","link":"https:\/\/radiocresatelital.com\/?p=22687","title":{"rendered":"Daniel Noboa, no pedir\u00e1 licencia porque no har\u00e1 campa\u00f1a electoral"},"content":{"rendered":"<p>Quito.-Se podr\u00eda decir, que el primer mandatario se consolid\u00f3 como estratega, ante el anuncio que hizo el fin de semana de no pedir licencia, porque no har\u00e1 campa\u00f1a electoral para la reelecci\u00f3n a la que aspira.<\/p>\n<p>Puso sobre los hombros de los ecuatorianos, la responsabilidad de elegir a conciencia el pr\u00f3ximo mes de febrero y as\u00ed dej\u00f3 sin piso, la intenci\u00f3n de la Asamblea Nacional de licenciarlo para que acceda a la campa\u00f1a pol\u00edtica y por lo tanto, Ver\u00f3nica Abad a la presidencia.<\/p>\n<p>Horas antes, el Gobierno Nacional, comunic\u00f3 que la Dra. Abad, en caso de no acatar el decreto presidencial que la devolv\u00eda a Turqu\u00eda ser\u00eda nuevamente sancionada y con un nuevo decret\u00f3, Noboa, design\u00f3 a la nueva vicepresidenta del pa\u00eds, Cynthia Gellibert.<\/p>\n<p>Y aunque inicialmente, se hablaba de que todos los candidatos de ADN, no har\u00edan campa\u00f1a, al licenciar la Asamblea a todos los legisladores de las distintas tiendas pol\u00edticas por moci\u00f3n del legislador corre\u00edsta, Crhistian Vega, los candidatos oficialistas a la reelecci\u00f3n para asamble\u00edstas quedan libres para hacer campa\u00f1a pol\u00edtica si as\u00ed lo deciden.<\/p>\n<p>De esta manera concluyen, al menos por el momento, los anuncios de intentos de golpes de estado, sumado a ello, la respuesta del Consejo Nacional Electoral, que dijo que no se pronunciar\u00eda sobre la necesidad o no de que el presidente Noboa pida licencia.<\/p>\n<p>&nbsp;<\/p>\n","protected":false},"excerpt":{"rendered":"<p>Quito.-Se podr\u00eda decir, que el primer mandatario se consolid\u00f3 como estratega, ante el anuncio que hizo el fin de semana de no pedir licencia, porque no har\u00e1 campa\u00f1a electoral para la reelecci\u00f3n a la que aspira. Puso sobre los hombros de los ecuatorianos, la responsabilidad de elegir a conciencia el pr\u00f3ximo mes de febrero y [&hellip;]<\/p>\n","protected":false},"author":3,"featured_media":22688,"comment_status":"open","ping_status":"closed","sticky":false,"template":"","format":"standard","meta":{"_jetpack_memberships_contains_paid_content":false,"footnotes":""},"categories":[13],"tags":[2323],"class_list":["post-22687","post","type-post","status-publish","format-standard","has-post-thumbnail","hentry","category-noticias-nacionales","tag-danielnoboa"],"jetpack_featured_media_url":"https:\/\/radiocresatelital.com\/wp-content\/uploads\/2025\/01\/noboa-campana.jpeg","jetpack_sharing_enabled":true,"_links":{"self":[{"href":"https:\/\/radiocresatelital.com\/index.php?rest_route=\/wp\/v2\/posts\/22687","targetHints":{"allow":["GET"]}}],"collection":[{"href":"https:\/\/radiocresatelital.com\/index.php?rest_route=\/wp\/v2\/posts"}],"about":[{"href":"https:\/\/radiocresatelital.com\/index.php?rest_route=\/wp\/v2\/types\/post"}],"author":[{"embeddable":true,"href":"https:\/\/radiocresatelital.com\/index.php?rest_route=\/wp\/v2\/users\/3"}],"replies":[{"embeddable":true,"href":"https:\/\/radiocresatelital.com\/index.php?rest_route=%2Fwp%2Fv2%2Fcomments&post=22687"}],"version-history":[{"count":1,"href":"https:\/\/radiocresatelital.com\/index.php?rest_route=\/wp\/v2\/posts\/22687\/revisions"}],"predecessor-version":[{"id":22689,"href":"https:\/\/radiocresatelital.com\/index.php?rest_route=\/wp\/v2\/posts\/22687\/revisions\/22689"}],"wp:featuredmedia":[{"embeddable":true,"href":"https:\/\/radiocresatelital.com\/index.php?rest_route=\/wp\/v2\/media\/22688"}],"wp:attachment":[{"href":"https:\/\/radiocresatelital.com\/index.php?rest_route=%2Fwp%2Fv2%2Fmedia&parent=22687"}],"wp:term":[{"taxonomy":"category","embeddable":true,"href":"https:\/\/radiocresatelital.com\/index.php?rest_route=%2Fwp%2Fv2%2Fcategories&post=22687"},{"taxonomy":"post_tag","embeddable":true,"href":"https:\/\/radiocresatelital.com\/index.php?rest_route=%2Fwp%2Fv2%2Ftags&post=22687"}],"curies":[{"name":"wp","href":"https:\/\/api.w.org\/{rel}","templated":true}]}}