{"id":22683,"date":"2025-01-06T14:58:34","date_gmt":"2025-01-06T14:58:34","guid":{"rendered":"https:\/\/radiocresatelital.com\/?p=22683"},"modified":"2025-01-06T14:58:34","modified_gmt":"2025-01-06T14:58:34","slug":"veronica-abad-se-autodeclaro-presidenta-antes-de-hora","status":"publish","type":"post","link":"https:\/\/radiocresatelital.com\/?p=22683","title":{"rendered":"Ver\u00f3nica Abad se autodeclar\u00f3 presidenta, antes de hora&#8230;"},"content":{"rendered":"<p>Quito.- El s\u00e1bado circul\u00f3 un video en redes sociales en el cual la Dra. Ver\u00f3nica Abad, anunciaba que a partir del dia siguiente, domingo 5 de Enero del 2025, ser\u00eda la nueva presidenta del Ecuador, puesto que daba por hecho que el presidente Daniel Noboa tendr\u00eda que pedir licencia para terciar por una reelecci\u00f3n presidencial.<\/p>\n<p>Sin embargo, horas m\u00e1s tarde el primer mandatario anunci\u00f3 que no pedir\u00eda licencia para las siguientes elecciones porque no har\u00eda campa\u00f1a electoral, lo cual dej\u00f3 sin piso su anuncio.<\/p>\n<p>El panor\u00e1ma se acentu\u00f3 con los comunicados de las Fuerzas Armadas y la Polic\u00eda Nacional, quienes dieron su voto de apoyo a Daniel Noboa, por ser el presidente constitucional del Ecuador.<\/p>\n<div style=\"width: 640px;\" class=\"wp-video\"><video class=\"wp-video-shortcode\" id=\"video-22683-1\" width=\"640\" height=\"362\" preload=\"metadata\" controls=\"controls\"><source type=\"video\/mp4\" src=\"https:\/\/radiocresatelital.com\/wp-content\/uploads\/2025\/01\/GnxYL75zMwCsmg3W.mp4?_=1\" \/><a href=\"https:\/\/radiocresatelital.com\/wp-content\/uploads\/2025\/01\/GnxYL75zMwCsmg3W.mp4\">https:\/\/radiocresatelital.com\/wp-content\/uploads\/2025\/01\/GnxYL75zMwCsmg3W.mp4<\/a><\/video><\/div>\n","protected":false},"excerpt":{"rendered":"<p>Quito.- El s\u00e1bado circul\u00f3 un video en redes sociales en el cual la Dra. Ver\u00f3nica Abad, anunciaba que a partir del dia siguiente, domingo 5 de Enero del 2025, ser\u00eda la nueva presidenta del Ecuador, puesto que daba por hecho que el presidente Daniel Noboa tendr\u00eda que pedir licencia para terciar por una reelecci\u00f3n presidencial. [&hellip;]<\/p>\n","protected":false},"author":3,"featured_media":4436,"comment_status":"open","ping_status":"closed","sticky":false,"template":"","format":"standard","meta":{"_jetpack_memberships_contains_paid_content":false,"footnotes":""},"categories":[13],"tags":[2324],"class_list":["post-22683","post","type-post","status-publish","format-standard","has-post-thumbnail","hentry","category-noticias-nacionales","tag-veronicaabad"],"jetpack_featured_media_url":"https:\/\/radiocresatelital.com\/wp-content\/uploads\/2023\/09\/veronica-abad.jpg","jetpack_sharing_enabled":true,"_links":{"self":[{"href":"https:\/\/radiocresatelital.com\/index.php?rest_route=\/wp\/v2\/posts\/22683","targetHints":{"allow":["GET"]}}],"collection":[{"href":"https:\/\/radiocresatelital.com\/index.php?rest_route=\/wp\/v2\/posts"}],"about":[{"href":"https:\/\/radiocresatelital.com\/index.php?rest_route=\/wp\/v2\/types\/post"}],"author":[{"embeddable":true,"href":"https:\/\/radiocresatelital.com\/index.php?rest_route=\/wp\/v2\/users\/3"}],"replies":[{"embeddable":true,"href":"https:\/\/radiocresatelital.com\/index.php?rest_route=%2Fwp%2Fv2%2Fcomments&post=22683"}],"version-history":[{"count":2,"href":"https:\/\/radiocresatelital.com\/index.php?rest_route=\/wp\/v2\/posts\/22683\/revisions"}],"predecessor-version":[{"id":22686,"href":"https:\/\/radiocresatelital.com\/index.php?rest_route=\/wp\/v2\/posts\/22683\/revisions\/22686"}],"wp:featuredmedia":[{"embeddable":true,"href":"https:\/\/radiocresatelital.com\/index.php?rest_route=\/wp\/v2\/media\/4436"}],"wp:attachment":[{"href":"https:\/\/radiocresatelital.com\/index.php?rest_route=%2Fwp%2Fv2%2Fmedia&parent=22683"}],"wp:term":[{"taxonomy":"category","embeddable":true,"href":"https:\/\/radiocresatelital.com\/index.php?rest_route=%2Fwp%2Fv2%2Fcategories&post=22683"},{"taxonomy":"post_tag","embeddable":true,"href":"https:\/\/radiocresatelital.com\/index.php?rest_route=%2Fwp%2Fv2%2Ftags&post=22683"}],"curies":[{"name":"wp","href":"https:\/\/api.w.org\/{rel}","templated":true}]}}