{"id":22681,"date":"2025-01-06T14:18:37","date_gmt":"2025-01-06T14:18:37","guid":{"rendered":"https:\/\/radiocresatelital.com\/?p=22681"},"modified":"2025-01-06T14:18:37","modified_gmt":"2025-01-06T14:18:37","slug":"asamblea-nacional-otorgo-licencia-sin-sueldo-a-los-legisladores-que-optan-por-la-reeleccion","status":"publish","type":"post","link":"https:\/\/radiocresatelital.com\/?p=22681","title":{"rendered":"Asamblea Nacional, otorg\u00f3 licencia sin sueldo a los legisladores que optan por la reelecci\u00f3n"},"content":{"rendered":"<p>Quito.- El Pleno de la Asamblea Nacional, con 79 votos a favor, resolvi\u00f3 que todos los asamble\u00edstas que son candidatos a elecci\u00f3n popular a su mismo cargo, deber\u00e1n hacer uso de la licencia sin remuneraci\u00f3n del 05 de enero al 09 de febrero de 2025, en cumplimiento del art\u00edculo 93 del C\u00f3digo de la Democracia.<\/p>\n<p>En este sentido, se dispuso a la Secretar\u00eda General que ejecute los reemplazos para las y los asamble\u00edstas que son candidatos de elecci\u00f3n popular, conforme lo determina la Ley Org\u00e1nica Electoral y de Organizaciones Pol\u00edticas de la Rep\u00fablica del Ecuador.<\/p>\n<p>Por ello, se suspender\u00e1 el pago de cualquier tipo de remuneraci\u00f3n, derecho o beneficio, as\u00ed como la suspensi\u00f3n de accesos, credenciales, correos, sistema DTS o de cualquier medio a los asamble\u00edstas que son candidatos.<\/p>\n<p>En el debate, el legislador Cristhian Vega reflexion\u00f3 sobre la necesidad de dar cumplimiento a la Ley. Pedro Velasco record\u00f3 que present\u00f3 la solicitud de licencia el 17 de diciembre de 2024, lo cual es una responsabilidad individual conforme la normativa. De su lado, el asamble\u00edsta Jorge Chamba asegur\u00f3 que \u201cno vamos a pedir licencia\u201d.<\/p>\n<p>Entre tanto, la presidenta de la Asamblea Nacional, Viviana Veloz , quien ser\u00e0 reemplazada por Esther Cuesta, precis\u00f3 que la sentencia interpretativa de la Corte Constitucional de 2010, se refiere al c\u00e1lculo de los periodos y no al cumplimiento de requisitos, por lo que se debe cumplir con lo establecido en el art\u00edculo 93 de la Ley Electoral, que es obligatorio. En este marco, inform\u00f3 que han solicitado la licencia m\u00e1s de 75 asamble\u00edstas.<\/p>\n<p>&nbsp;<\/p>\n","protected":false},"excerpt":{"rendered":"<p>Quito.- El Pleno de la Asamblea Nacional, con 79 votos a favor, resolvi\u00f3 que todos los asamble\u00edstas que son candidatos a elecci\u00f3n popular a su mismo cargo, deber\u00e1n hacer uso de la licencia sin remuneraci\u00f3n del 05 de enero al 09 de febrero de 2025, en cumplimiento del art\u00edculo 93 del C\u00f3digo de la Democracia. [&hellip;]<\/p>\n","protected":false},"author":3,"featured_media":10156,"comment_status":"open","ping_status":"closed","sticky":false,"template":"","format":"standard","meta":{"_jetpack_memberships_contains_paid_content":false,"footnotes":""},"categories":[13],"tags":[3576],"class_list":["post-22681","post","type-post","status-publish","format-standard","has-post-thumbnail","hentry","category-noticias-nacionales","tag-asambleanacional"],"jetpack_featured_media_url":"https:\/\/radiocresatelital.com\/wp-content\/uploads\/2024\/01\/pleno-asamblea1160.jpg","jetpack_sharing_enabled":true,"_links":{"self":[{"href":"https:\/\/radiocresatelital.com\/index.php?rest_route=\/wp\/v2\/posts\/22681","targetHints":{"allow":["GET"]}}],"collection":[{"href":"https:\/\/radiocresatelital.com\/index.php?rest_route=\/wp\/v2\/posts"}],"about":[{"href":"https:\/\/radiocresatelital.com\/index.php?rest_route=\/wp\/v2\/types\/post"}],"author":[{"embeddable":true,"href":"https:\/\/radiocresatelital.com\/index.php?rest_route=\/wp\/v2\/users\/3"}],"replies":[{"embeddable":true,"href":"https:\/\/radiocresatelital.com\/index.php?rest_route=%2Fwp%2Fv2%2Fcomments&post=22681"}],"version-history":[{"count":1,"href":"https:\/\/radiocresatelital.com\/index.php?rest_route=\/wp\/v2\/posts\/22681\/revisions"}],"predecessor-version":[{"id":22682,"href":"https:\/\/radiocresatelital.com\/index.php?rest_route=\/wp\/v2\/posts\/22681\/revisions\/22682"}],"wp:featuredmedia":[{"embeddable":true,"href":"https:\/\/radiocresatelital.com\/index.php?rest_route=\/wp\/v2\/media\/10156"}],"wp:attachment":[{"href":"https:\/\/radiocresatelital.com\/index.php?rest_route=%2Fwp%2Fv2%2Fmedia&parent=22681"}],"wp:term":[{"taxonomy":"category","embeddable":true,"href":"https:\/\/radiocresatelital.com\/index.php?rest_route=%2Fwp%2Fv2%2Fcategories&post=22681"},{"taxonomy":"post_tag","embeddable":true,"href":"https:\/\/radiocresatelital.com\/index.php?rest_route=%2Fwp%2Fv2%2Ftags&post=22681"}],"curies":[{"name":"wp","href":"https:\/\/api.w.org\/{rel}","templated":true}]}}