{"id":2254,"date":"2023-08-09T17:22:43","date_gmt":"2023-08-09T17:22:43","guid":{"rendered":"https:\/\/radiocresatelital.com\/?p=2254"},"modified":"2023-08-09T17:22:43","modified_gmt":"2023-08-09T17:22:43","slug":"juan-manuel-correa-piloto-escuderia-telmex-claro-esta-de-regreso-en-la-f2","status":"publish","type":"post","link":"https:\/\/radiocresatelital.com\/?p=2254","title":{"rendered":"Juan Manuel Correa, piloto Escuder\u00eda Telmex Claro, est\u00e1 de regreso en la F2"},"content":{"rendered":"<p>Quito.- Con el claro objetivo de destacar dentro de la F\u00f3rmula 2, el piloto Juan Manuel Correa, quien forma parte de la Escuder\u00eda Telmex y cuenta con el apoyo de Claro, se dijo listo y en un gran momento para hacer frente a una segunda mitad de la temporada en la que estar\u00e1 de lleno compitiendo en una categor\u00eda que es sumamente demandante, en la cual es fundamental el trabajo f\u00edsico y mental.<\/p>\n<p>Juan Manuel, quien durante estos d\u00edas se encuentra en el pa\u00eds participar\u00e1 de diversas actividades en conjunto con Claro, es una de las grandes figuras ecuatorianas que cuenta con el apoyo y compromiso de Claro con el desarrollo del deporte y el respaldo a los deportistas de Ecuador que se esfuerzan por alcanzar sus sue\u00f1os, como lo hemos hecho con nuestras pesistas Neisi Dajomes, Tamara Salazar y Angie Palacios. Al respaldar sus carreras, estamos contribuyendo al desarrollo del talento ecuatoriano y motivando a la juventud a perseguir sus metas.<\/p>\n<p>\u201cLa tecnolog\u00eda y el deporte convergen en una simbiosis perfecta, y esta colaboraci\u00f3n es un testimonio claro de ello. Nuestros servicios de telecomunicaciones permiten conectar a las personas con su pasi\u00f3n por el deporte y estar al tanto de los logros de nuestros deportistas nacionales\u201d asegur\u00f3 Xavier Reyes, gerente de Alianza y Comunicaci\u00f3n Digital de Claro.<\/p>\n<p>Como parte del compromiso con impulsar a Juan Manuel, Claro har\u00e1 un puntual seguimiento a toda su actividad dentro de la F\u00f3rmula 2, en lo que puede titularse como uno de los regresos m\u00e1s notables en la historia del automovilismo, para compartirla a trav\u00e9s de sus canales digitales y redes sociales con toda la afici\u00f3n.<\/p>\n<p>\u201cEstar de regreso a tiempo completo en la F\u00f3rmula 2 significa m\u00e1s para m\u00ed de lo que la mayor\u00eda de la gente puede imaginar. Estar en esta grilla no es solo un logro en s\u00ed mismo, sino que tambi\u00e9n es la realizaci\u00f3n de una meta que ha sido el epicentro de mis esfuerzos durante los \u00faltimos tres a\u00f1os, por lo que es un logro muy emotivo\u201d, manifest\u00f3. Juan Manuel. \u201cCon el apoyo de Claro, podr\u00e9 mantenerme en contacto con mi equipo, mis seguidores y mi pa\u00eds, compartiendo cada paso de mi emocionante trayectoria y llevando el deporte a nuevas alturas\u201d, a\u00f1adi\u00f3.<\/p>\n<p>Desde Claro creemos que el deporte es un lenguaje universal que une a las personas y trasciende fronteras. Al apoyar a Juan Manuel Correa, queremos inspirar a m\u00e1s deportistas a brillar en el escenario internacional, mostrando al mundo el talento y la pasi\u00f3n de Ecuador por el deporte.<\/p>\n<h1>Calendario 2023 FIA F2<\/h1>\n<p>R12 25-27 de agosto Zandvoort, Pa\u00edses Bajos R13 01-03 de septiembre Monza, Italia<\/p>\n<p>R14 24-26 de noviembre Isla de Yas, Abu Dhabi<\/p>\n<h1>Calendario 2023 WEC<\/h1>\n<p>07-10 de septiembre 6 Horas Fuji, Jap\u00f3n<\/p>\n<p>02-05 de noviembre 6 Horas Sakhir, Bar\u00e9in<\/p>\n","protected":false},"excerpt":{"rendered":"<p>Quito.- Con el claro objetivo de destacar dentro de la F\u00f3rmula 2, el piloto Juan Manuel Correa, quien forma parte de la Escuder\u00eda Telmex y cuenta con el apoyo de Claro, se dijo listo y en un gran momento para hacer frente a una segunda mitad de la temporada en la que estar\u00e1 de lleno [&hellip;]<\/p>\n","protected":false},"author":2,"featured_media":2255,"comment_status":"open","ping_status":"closed","sticky":false,"template":"","format":"standard","meta":{"_jetpack_memberships_contains_paid_content":false,"footnotes":""},"categories":[9],"tags":[485,486],"class_list":["post-2254","post","type-post","status-publish","format-standard","has-post-thumbnail","hentry","category-deportes","tag-formula-2","tag-juan-manuel-correa"],"jetpack_featured_media_url":"https:\/\/radiocresatelital.com\/wp-content\/uploads\/2023\/08\/968f7ff3-7a77-4aad-8a56-706cb75ccb14.jpg","jetpack_sharing_enabled":true,"_links":{"self":[{"href":"https:\/\/radiocresatelital.com\/index.php?rest_route=\/wp\/v2\/posts\/2254","targetHints":{"allow":["GET"]}}],"collection":[{"href":"https:\/\/radiocresatelital.com\/index.php?rest_route=\/wp\/v2\/posts"}],"about":[{"href":"https:\/\/radiocresatelital.com\/index.php?rest_route=\/wp\/v2\/types\/post"}],"author":[{"embeddable":true,"href":"https:\/\/radiocresatelital.com\/index.php?rest_route=\/wp\/v2\/users\/2"}],"replies":[{"embeddable":true,"href":"https:\/\/radiocresatelital.com\/index.php?rest_route=%2Fwp%2Fv2%2Fcomments&post=2254"}],"version-history":[{"count":1,"href":"https:\/\/radiocresatelital.com\/index.php?rest_route=\/wp\/v2\/posts\/2254\/revisions"}],"predecessor-version":[{"id":2256,"href":"https:\/\/radiocresatelital.com\/index.php?rest_route=\/wp\/v2\/posts\/2254\/revisions\/2256"}],"wp:featuredmedia":[{"embeddable":true,"href":"https:\/\/radiocresatelital.com\/index.php?rest_route=\/wp\/v2\/media\/2255"}],"wp:attachment":[{"href":"https:\/\/radiocresatelital.com\/index.php?rest_route=%2Fwp%2Fv2%2Fmedia&parent=2254"}],"wp:term":[{"taxonomy":"category","embeddable":true,"href":"https:\/\/radiocresatelital.com\/index.php?rest_route=%2Fwp%2Fv2%2Fcategories&post=2254"},{"taxonomy":"post_tag","embeddable":true,"href":"https:\/\/radiocresatelital.com\/index.php?rest_route=%2Fwp%2Fv2%2Ftags&post=2254"}],"curies":[{"name":"wp","href":"https:\/\/api.w.org\/{rel}","templated":true}]}}