{"id":2240,"date":"2023-08-09T16:47:56","date_gmt":"2023-08-09T16:47:56","guid":{"rendered":"https:\/\/radiocresatelital.com\/?p=2240"},"modified":"2023-08-09T16:47:56","modified_gmt":"2023-08-09T16:47:56","slug":"en-la-plaza-de-la-administracion-se-celebrara-el-dia-nacional-de-la-cultura","status":"publish","type":"post","link":"https:\/\/radiocresatelital.com\/?p=2240","title":{"rendered":"En la Plaza de la Administraci\u00f3n se celebrar\u00e1 el D\u00eda Nacional de la Cultura"},"content":{"rendered":"<p>Guayaquil.- Para conmemorar el D\u00eda Nacional de la Cultura, este 9 de agosto, la Direcci\u00f3n de Gesti\u00f3n y Promoci\u00f3n Cultural organizar\u00e1 presentaciones de agrupaciones art\u00edsticas en la plaza de la Administraci\u00f3n, desde las 15:00 hasta las 17:00. locales (22h00 GMT).<\/p>\n<p>Esta actividad tiene como objetivo resaltar la importancia del arte, creatividad, literatura y el patrimonio cultural, en la que participar\u00e1n la Banda Municipal, los alumnos de la Universidad de Artes, entre otros.<\/p>\n<p>Desde la Alcald\u00eda Ciudadana de Guayaquil se han desarrollado diversos espacios que han servido para promover a cerca de 500 artistas. Adem\u00e1s, se han establecido alianzas estrat\u00e9gicas con gremios culturales.<\/p>\n<p>El director de la Academia de Danza \u201cEsp\u00edritu Andino\u201d, Miguel Naula, expres\u00f3 que la nueva administraci\u00f3n municipal trabaja en espacios para que la ciudadan\u00eda se conecte con culturas de otros rincones del pa\u00eds. \u201cYo he presentado ritmos coste\u00f1os y de la sierra, en los cuales participan ni\u00f1os, ni\u00f1as y j\u00f3venes que se identifican con esta transformaci\u00f3n de mente y esp\u00edritu\u201d, se\u00f1al\u00f3.<\/p>\n<p>La Direcci\u00f3n de Gesti\u00f3n y Promoci\u00f3n Cultural trabaja en la creaci\u00f3n de corredores culturales para llegar a parroquias urbanas y rurales.<\/p>\n","protected":false},"excerpt":{"rendered":"<p>Guayaquil.- Para conmemorar el D\u00eda Nacional de la Cultura, este 9 de agosto, la Direcci\u00f3n de Gesti\u00f3n y Promoci\u00f3n Cultural organizar\u00e1 presentaciones de agrupaciones art\u00edsticas en la plaza de la Administraci\u00f3n, desde las 15:00 hasta las 17:00. locales (22h00 GMT). Esta actividad tiene como objetivo resaltar la importancia del arte, creatividad, literatura y el patrimonio [&hellip;]<\/p>\n","protected":false},"author":2,"featured_media":2241,"comment_status":"open","ping_status":"closed","sticky":false,"template":"","format":"standard","meta":{"_jetpack_memberships_contains_paid_content":false,"footnotes":""},"categories":[33,13],"tags":[],"class_list":["post-2240","post","type-post","status-publish","format-standard","has-post-thumbnail","hentry","category-guayaquil","category-noticias-nacionales"],"jetpack_featured_media_url":"https:\/\/radiocresatelital.com\/wp-content\/uploads\/2023\/08\/0a7730b12af839a25f35b1313df3ded9_xl.jpg","jetpack_sharing_enabled":true,"_links":{"self":[{"href":"https:\/\/radiocresatelital.com\/index.php?rest_route=\/wp\/v2\/posts\/2240","targetHints":{"allow":["GET"]}}],"collection":[{"href":"https:\/\/radiocresatelital.com\/index.php?rest_route=\/wp\/v2\/posts"}],"about":[{"href":"https:\/\/radiocresatelital.com\/index.php?rest_route=\/wp\/v2\/types\/post"}],"author":[{"embeddable":true,"href":"https:\/\/radiocresatelital.com\/index.php?rest_route=\/wp\/v2\/users\/2"}],"replies":[{"embeddable":true,"href":"https:\/\/radiocresatelital.com\/index.php?rest_route=%2Fwp%2Fv2%2Fcomments&post=2240"}],"version-history":[{"count":1,"href":"https:\/\/radiocresatelital.com\/index.php?rest_route=\/wp\/v2\/posts\/2240\/revisions"}],"predecessor-version":[{"id":2242,"href":"https:\/\/radiocresatelital.com\/index.php?rest_route=\/wp\/v2\/posts\/2240\/revisions\/2242"}],"wp:featuredmedia":[{"embeddable":true,"href":"https:\/\/radiocresatelital.com\/index.php?rest_route=\/wp\/v2\/media\/2241"}],"wp:attachment":[{"href":"https:\/\/radiocresatelital.com\/index.php?rest_route=%2Fwp%2Fv2%2Fmedia&parent=2240"}],"wp:term":[{"taxonomy":"category","embeddable":true,"href":"https:\/\/radiocresatelital.com\/index.php?rest_route=%2Fwp%2Fv2%2Fcategories&post=2240"},{"taxonomy":"post_tag","embeddable":true,"href":"https:\/\/radiocresatelital.com\/index.php?rest_route=%2Fwp%2Fv2%2Ftags&post=2240"}],"curies":[{"name":"wp","href":"https:\/\/api.w.org\/{rel}","templated":true}]}}