{"id":22389,"date":"2024-12-18T15:37:52","date_gmt":"2024-12-18T15:37:52","guid":{"rendered":"https:\/\/radiocresatelital.com\/?p=22389"},"modified":"2024-12-18T23:41:44","modified_gmt":"2024-12-18T23:41:44","slug":"alcalde-aquiles-alvarez-anuncia-creacion-de-linea-telefonica-181-para-atencion-de-emergencias","status":"publish","type":"post","link":"https:\/\/radiocresatelital.com\/?p=22389","title":{"rendered":"Alcalde Aquiles \u00c1lvarez anuncia creaci\u00f3n de l\u00ednea telef\u00f3nica 181 para atenci\u00f3n de emergencias"},"content":{"rendered":"<p>Guayaquil.- Durante su enlace radial semanal, el alcalde Aquiles Alvarez anunci\u00f3 la creaci\u00f3n de una nueva l\u00ednea telef\u00f3nica para atender emergencias y ofrecer todos los servicios municipales a la poblaci\u00f3n.<\/p>\n<p>El burgomaestre record\u00f3 que, como parte de la persecuci\u00f3n del Gobierno Nacional hacia Guayaquil, le quitaron a Segura EP la central de llamadas de emergencia 911. Esa medida signific\u00f3 un golpe para los ciudadanos ya que nadie contesta sus llamadas o se tardan demasiado.<\/p>\n<p>Puso como ejemplo el caso de un hombre que muri\u00f3 durante una audiencia por falta de atenci\u00f3n m\u00e9dica. Por eso, \u201cde enero a mayo, en forma progresiva, hasta que tengamos todo alineado, la l\u00ednea 181 ser\u00e1 para emergencias, coordinadas con diferentes instituciones, pero tambi\u00e9n se ofrecer\u00e1n servicios municipales<br \/>\ncomo mala disposici\u00f3n de desechos, problemas con mascotas, ventanilla universal, pago de impuestos\u201d.<\/p>\n<p>Esta l\u00ednea se manejar\u00e1 desde la central de Segura EP, que cuenta con tecnolog\u00eda de goereferenciaci\u00f3n, que permite ubicar la emergencia y atenderla lo m\u00e1s r\u00e1pido posible.<\/p>\n<p><strong>Tarjeta Guayaca<\/strong><br \/>\nEn cuanto a la tarjeta Guayaca, inform\u00f3 que 120.000 personas se registraron para obtener esta tarjeta. Y de ese universo, faltan 40.000 de ser entregadas.<\/p>\n<p>Y aunque ya se cerr\u00f3 el registro para la tarjeta, desde el pr\u00f3ximo 1 de enero se vuelve a retomar. Ese mismo d\u00eda tambi\u00e9n empezar\u00e1 a regir la nueva tarifa de la Metrov\u00eda. Sin embargo, quienes tengan la tarjeta podr\u00e1n seguir pagando el pasaje de 30 centavos.<\/p>\n<p>Adem\u00e1s, el Alcalde record\u00f3 que ya hay 14 unidades nuevas con aire acondicionado y wi fi recorriendo las calles.<\/p>\n<p>En enero se incorporar\u00e1n 14 m\u00e1s y en febrero otras 24. Hasta junio de 2025, todas las unidades de la Metrov\u00eda ser\u00e1n renovadas. Y en marzo ya estar\u00e1 operativa la Troncal 4.<\/p>\n<p><strong>Obras para 2025<\/strong><br \/>\nEn cuanto a las obras destacadas de este a\u00f1o cit\u00f3 la transformaci\u00f3n de la calle Ayacucho, la apertura del primer tramo de la soluci\u00f3n vial de la Avenida de Las Am\u00e9ricas, la intervenci\u00f3n de m\u00e1s de mil kil\u00f3metros de calles y m\u00e1s.<\/p>\n<p>Tambi\u00e9n destac\u00f3 la terminci\u00f3n de la primera fase del vial de Chong\u00f3n, cuya segunda fase se concluir\u00e1 en enero pr\u00f3ximo. Ese mismo mes se inaugurar\u00e1n los dos pasos peatonales de V\u00eda a la Costa. Y se est\u00e1 a la espera de los permisos del Ministerio del Ambiente para la v\u00eda que conecta al nuevo aeropuerto y descongestionar\u00e1 V\u00eda a la Costa.<\/p>\n<p>Mientras que en 2025 se viene la licitaci\u00f3n del Quinto Acueducto para llevar agua potable a Monte Sina\u00ed, la inauguraci\u00f3n de dos obras paralizadas en la anterior administraci\u00f3n que son el Mercado Norte y el paso elevado de la Juan Tanca Marengo.<\/p>\n<p>Adem\u00e1s, empezar\u00e1 la construcci\u00f3n de soluciones viales en la Avenida del Bombero y en la intersecci\u00f3n de las avenidas Rodrigo Ch\u00e1vez y Juan Tanca Marengo. Todas estas obras se financian en gran parte con los tributos que pagan los guayaquile\u00f1os.<\/p>\n<p>En enero se inicia el cobro de impuestos prediales y m\u00e1s por lo que el Alcalde agradeci\u00f3 la confianza por parte de los habitantes de la Ciudad de Todos.<\/p>\n","protected":false},"excerpt":{"rendered":"<p>Guayaquil.- Durante su enlace radial semanal, el alcalde Aquiles Alvarez anunci\u00f3 la creaci\u00f3n de una nueva l\u00ednea telef\u00f3nica para atender emergencias y ofrecer todos los servicios municipales a la poblaci\u00f3n. El burgomaestre record\u00f3 que, como parte de la persecuci\u00f3n del Gobierno Nacional hacia Guayaquil, le quitaron a Segura EP la central de llamadas de emergencia [&hellip;]<\/p>\n","protected":false},"author":2,"featured_media":22390,"comment_status":"open","ping_status":"closed","sticky":false,"template":"","format":"standard","meta":{"_jetpack_memberships_contains_paid_content":false,"footnotes":""},"categories":[33,13],"tags":[1519],"class_list":["post-22389","post","type-post","status-publish","format-standard","has-post-thumbnail","hentry","category-guayaquil","category-noticias-nacionales","tag-alcalde-aquiles-alvarez"],"jetpack_featured_media_url":"https:\/\/radiocresatelital.com\/wp-content\/uploads\/2024\/12\/WhatsApp-Image-2024-12-18-at-12.47.31.jpeg","jetpack_sharing_enabled":true,"_links":{"self":[{"href":"https:\/\/radiocresatelital.com\/index.php?rest_route=\/wp\/v2\/posts\/22389","targetHints":{"allow":["GET"]}}],"collection":[{"href":"https:\/\/radiocresatelital.com\/index.php?rest_route=\/wp\/v2\/posts"}],"about":[{"href":"https:\/\/radiocresatelital.com\/index.php?rest_route=\/wp\/v2\/types\/post"}],"author":[{"embeddable":true,"href":"https:\/\/radiocresatelital.com\/index.php?rest_route=\/wp\/v2\/users\/2"}],"replies":[{"embeddable":true,"href":"https:\/\/radiocresatelital.com\/index.php?rest_route=%2Fwp%2Fv2%2Fcomments&post=22389"}],"version-history":[{"count":1,"href":"https:\/\/radiocresatelital.com\/index.php?rest_route=\/wp\/v2\/posts\/22389\/revisions"}],"predecessor-version":[{"id":22391,"href":"https:\/\/radiocresatelital.com\/index.php?rest_route=\/wp\/v2\/posts\/22389\/revisions\/22391"}],"wp:featuredmedia":[{"embeddable":true,"href":"https:\/\/radiocresatelital.com\/index.php?rest_route=\/wp\/v2\/media\/22390"}],"wp:attachment":[{"href":"https:\/\/radiocresatelital.com\/index.php?rest_route=%2Fwp%2Fv2%2Fmedia&parent=22389"}],"wp:term":[{"taxonomy":"category","embeddable":true,"href":"https:\/\/radiocresatelital.com\/index.php?rest_route=%2Fwp%2Fv2%2Fcategories&post=22389"},{"taxonomy":"post_tag","embeddable":true,"href":"https:\/\/radiocresatelital.com\/index.php?rest_route=%2Fwp%2Fv2%2Ftags&post=22389"}],"curies":[{"name":"wp","href":"https:\/\/api.w.org\/{rel}","templated":true}]}}