{"id":22363,"date":"2024-12-18T19:09:58","date_gmt":"2024-12-18T19:09:58","guid":{"rendered":"https:\/\/radiocresatelital.com\/?p=22363"},"modified":"2024-12-18T21:11:11","modified_gmt":"2024-12-18T21:11:11","slug":"electrolux-celebra-por-tercer-ano-consecutivo-navidad-solidaria-apadrinando-a-ninos-en-situacion-de-vulnerabilidad","status":"publish","type":"post","link":"https:\/\/radiocresatelital.com\/?p=22363","title":{"rendered":"Electrolux celebra por tercer a\u00f1o consecutivo \u201cNavidad Solidaria\u201d, apadrinando a ni\u00f1os en situaci\u00f3n de vulnerabilidad"},"content":{"rendered":"<p>Quito.- Desde 2022, Electrolux, marca sueca l\u00edder en el mercado de electrodom\u00e9sticos, lleva a cabo su iniciativa \u201cNavidad Solidaria\u201d, cuyo prop\u00f3sito es apadrinar a ni\u00f1os y ni\u00f1as de la Fundaci\u00f3n Hogar Para Sus Ni\u00f1os, ubicada al norte de Quito, con el fin de dotarles de insumos que permitan promover su desarrollo integral.<\/p>\n<p>Desde sus inicios, el proyecto ha apoyado a m\u00e1s de 50 ni\u00f1os. En esta tercera jornada, que se realiz\u00f3 a mediados de diciembre, 36 ni\u00f1os y j\u00f3venes fueron beneficiados con un agasajo navide\u00f1o y la donaci\u00f3n de regalos; as\u00ed como con la entrega de productos alimenticios e insumos de limpieza para la Fundaci\u00f3n. Con estas acciones, Electrolux mantiene su compromiso de crear comunidades emp\u00e1ticas, fuertes y diversas, impactando positivamente en la vida de los infantes.<\/p>\n<p>\u201cNos llena el coraz\u00f3n saber que, por tercer a\u00f1o, la Fundaci\u00f3n Hogar Para Sus Ni\u00f1os nos abre sus puertas y nos recibe con cari\u00f1o, para juntos ayudar a todas las personas que son parte de este espacio. Gracias al aporte de Electrolux y de nuestros colaboradores hemos gestionado donaciones que permiten mejorar las condiciones de estos ni\u00f1os en situaci\u00f3n de vulnerabilidad\u201d resalta Christopher Carrera, gerente comercial de Electrolux Ecuador.<\/p>\n<p>Este proyecto solidario se suma a una serie de acciones con enfoque social que ha desarrollado la marca durante 2024, con el objetivo claro de brindar un mejor vivir a las personas que m\u00e1s lo necesitan. Durante este a\u00f1o se han formado grandes alianzas con organizaciones sin fines de lucro, como Techo Ecuador y el Banco de Alimentos Diakon\u00eda de Guayaquil, que buscan dar respuesta y soluciones a comunidades de zonas periurbanas o marginales que requieren de apoyo.<\/p>\n<p>Para 2025, Electrolux tiene en la mira continuar trabajando bajo sus tres pilares: ser una mejor empresa, brindar mejores soluciones e impulsar un mejor vivir en la sociedad buscando el bienestar y sostenibilidad.<\/p>\n","protected":false},"excerpt":{"rendered":"<p>Quito.- Desde 2022, Electrolux, marca sueca l\u00edder en el mercado de electrodom\u00e9sticos, lleva a cabo su iniciativa \u201cNavidad Solidaria\u201d, cuyo prop\u00f3sito es apadrinar a ni\u00f1os y ni\u00f1as de la Fundaci\u00f3n Hogar Para Sus Ni\u00f1os, ubicada al norte de Quito, con el fin de dotarles de insumos que permitan promover su desarrollo integral. Desde sus inicios, [&hellip;]<\/p>\n","protected":false},"author":2,"featured_media":22364,"comment_status":"open","ping_status":"closed","sticky":false,"template":"","format":"standard","meta":{"_jetpack_memberships_contains_paid_content":false,"footnotes":""},"categories":[13],"tags":[1538],"class_list":["post-22363","post","type-post","status-publish","format-standard","has-post-thumbnail","hentry","category-noticias-nacionales","tag-electrolux"],"jetpack_featured_media_url":"https:\/\/radiocresatelital.com\/wp-content\/uploads\/2024\/12\/WhatsApp-Image-2024-12-18-at-11.55.10.jpeg","jetpack_sharing_enabled":true,"_links":{"self":[{"href":"https:\/\/radiocresatelital.com\/index.php?rest_route=\/wp\/v2\/posts\/22363","targetHints":{"allow":["GET"]}}],"collection":[{"href":"https:\/\/radiocresatelital.com\/index.php?rest_route=\/wp\/v2\/posts"}],"about":[{"href":"https:\/\/radiocresatelital.com\/index.php?rest_route=\/wp\/v2\/types\/post"}],"author":[{"embeddable":true,"href":"https:\/\/radiocresatelital.com\/index.php?rest_route=\/wp\/v2\/users\/2"}],"replies":[{"embeddable":true,"href":"https:\/\/radiocresatelital.com\/index.php?rest_route=%2Fwp%2Fv2%2Fcomments&post=22363"}],"version-history":[{"count":2,"href":"https:\/\/radiocresatelital.com\/index.php?rest_route=\/wp\/v2\/posts\/22363\/revisions"}],"predecessor-version":[{"id":22366,"href":"https:\/\/radiocresatelital.com\/index.php?rest_route=\/wp\/v2\/posts\/22363\/revisions\/22366"}],"wp:featuredmedia":[{"embeddable":true,"href":"https:\/\/radiocresatelital.com\/index.php?rest_route=\/wp\/v2\/media\/22364"}],"wp:attachment":[{"href":"https:\/\/radiocresatelital.com\/index.php?rest_route=%2Fwp%2Fv2%2Fmedia&parent=22363"}],"wp:term":[{"taxonomy":"category","embeddable":true,"href":"https:\/\/radiocresatelital.com\/index.php?rest_route=%2Fwp%2Fv2%2Fcategories&post=22363"},{"taxonomy":"post_tag","embeddable":true,"href":"https:\/\/radiocresatelital.com\/index.php?rest_route=%2Fwp%2Fv2%2Ftags&post=22363"}],"curies":[{"name":"wp","href":"https:\/\/api.w.org\/{rel}","templated":true}]}}