{"id":22348,"date":"2024-12-18T20:50:55","date_gmt":"2024-12-18T20:50:55","guid":{"rendered":"https:\/\/radiocresatelital.com\/?p=22348"},"modified":"2024-12-18T20:50:55","modified_gmt":"2024-12-18T20:50:55","slug":"miles-de-ecuatorianos-ya-son-parte-del-programa-jovenes-en-accion","status":"publish","type":"post","link":"https:\/\/radiocresatelital.com\/?p=22348","title":{"rendered":"Miles de Ecuatorianos ya son parte del Programa \u201cJ\u00f3venes en Acci\u00f3n\u00bb"},"content":{"rendered":"<p>Riobamba.- La ma\u00f1ana del 18 de diciembre, en las instalaciones del Coliseo de la Universidad Nacional de Chimborazo, el Presidente de la Rep\u00fablica, Daniel Noboa Azin, socializ\u00f3 los beneficios del programa \u201cJ\u00f3venes en Acci\u00f3n\u201d. Esta iniciativa de participaci\u00f3n y vinculaci\u00f3n con la comunidad potencia las capacidades de personas, entre 18 a 29 a\u00f1os de edad, con actividades relacionadas a la protecci\u00f3n ambiental y recuperaci\u00f3n econ\u00f3mica del pa\u00eds.<\/p>\n<p>\u201cAqu\u00ed est\u00e1 reunida la fuerza del Nuevo Ecuador. Ustedes son el presente y el futuro (\u2026). A nivel del pa\u00eds, ya se han registrado en este programa miles j\u00f3venes quienes, durante tres meses, recibir\u00e1n USD 400 para empujar sus sue\u00f1os. Es un esfuerzo que hace el Estado de USD 100 millones para que ganen experiencia, tengan una actividad econ\u00f3mica y la tranquilidad de ese ingreso\u201d, expres\u00f3 Noboa.<\/p>\n<p>Este programa gubernamental est\u00e1 liderado, principalmente, por los ministerios de Ambiente, Agua y Transici\u00f3n Ecol\u00f3gica (Maate), de Agricultura y Ganader\u00eda (MAG) y Transporte y Obras P\u00fablicas (MTOP). En este sentido, el MTOP ejecuta la vinculaci\u00f3n juvenil en actividades orientadas al mantenimiento de la Red Vial Estatal.<\/p>\n<p>Al respecto, el secretario de Estado, Roberto Luque, explic\u00f3 que el ministerio ha desarrollado un plan de actividades para que los j\u00f3venes sean parte del desarrollo del pa\u00eds: \u201cEsta es una buena gesti\u00f3n gubernamental que resuelve dos problemas: la falta de oportunidades para los j\u00f3venes y la falta de ejecuci\u00f3n de trabajos relacionados a medio ambiente y vialidad\u201d. A ello agreg\u00f3 que \u201cesta idea nace del Presidente, generando que muchas personas que tienen una necesidad, hoy cuenten con una oportunidad, al tiempo que se cristalizan ideas frescas e innovadoras\u201d.<\/p>\n<p>Para el Gobierno Nacional, abrir oportunidades para los ecuatorianos es un compromiso fundamental. En ese sentido, el Primer Mandatario fue enf\u00e1tico al afirmar: \u201cestamos derrumbando todos los obst\u00e1culos que nos impidan cumplir nuestros sue\u00f1os (\u2026). Aqu\u00ed tienen al Nuevo Ecuador que cree en ustedes, aqu\u00ed tienen a un Presidente que caminar\u00e1 hombro a hombro con ustedes para sacar adelante a sus familias, para llevar al Ecuador hacia un futuro de paz, seguridad y progreso\u201d.<\/p>\n<p>En este contexto, Karla Parre\u00f1o, expres\u00f3 su gratitud y orgullo por pertenecer a este programa. Por ello, y en representaci\u00f3n de los beneficiarios de esta iniciativa en su localidad, entreg\u00f3 una planta como presente al Jefe de Estado. \u201cNutra esta planta, as\u00ed como usted nos va nutrir a nosotros para crecer grandes y fuertes. Vamos a entregar todo a este Ecuador que amamos con todo el coraz\u00f3n\u201d, dijo.<\/p>\n<p>Durante este evento, el Presidente de la Rep\u00fablica tambi\u00e9n anunci\u00f3 que el proyecto para ampliar la V\u00eda E35 Acceso Norte que une a Cotopaxi y Tungurahua ser\u00e1 una realidad. Esta obra tendr\u00e1 una inversi\u00f3n de USD 79.3 millones y beneficiar\u00e1 a todos los ecuatorianos. \u201cEste proyecto refleja nuestra visi\u00f3n de un Ecuador m\u00e1s conectado, m\u00e1s fuerte y con infraestructura de calidad que responda a las necesidades de nuestra gente\u201d, declar\u00f3.<\/p>\n","protected":false},"excerpt":{"rendered":"<p>Riobamba.- La ma\u00f1ana del 18 de diciembre, en las instalaciones del Coliseo de la Universidad Nacional de Chimborazo, el Presidente de la Rep\u00fablica, Daniel Noboa Azin, socializ\u00f3 los beneficios del programa \u201cJ\u00f3venes en Acci\u00f3n\u201d. Esta iniciativa de participaci\u00f3n y vinculaci\u00f3n con la comunidad potencia las capacidades de personas, entre 18 a 29 a\u00f1os de edad, [&hellip;]<\/p>\n","protected":false},"author":2,"featured_media":22349,"comment_status":"open","ping_status":"closed","sticky":false,"template":"","format":"standard","meta":{"_jetpack_memberships_contains_paid_content":false,"footnotes":""},"categories":[13],"tags":[1322],"class_list":["post-22348","post","type-post","status-publish","format-standard","has-post-thumbnail","hentry","category-noticias-nacionales","tag-presidente-daniel-noboa"],"jetpack_featured_media_url":"https:\/\/radiocresatelital.com\/wp-content\/uploads\/2024\/12\/54212115612_5e5aa22253_c.jpg","jetpack_sharing_enabled":true,"_links":{"self":[{"href":"https:\/\/radiocresatelital.com\/index.php?rest_route=\/wp\/v2\/posts\/22348","targetHints":{"allow":["GET"]}}],"collection":[{"href":"https:\/\/radiocresatelital.com\/index.php?rest_route=\/wp\/v2\/posts"}],"about":[{"href":"https:\/\/radiocresatelital.com\/index.php?rest_route=\/wp\/v2\/types\/post"}],"author":[{"embeddable":true,"href":"https:\/\/radiocresatelital.com\/index.php?rest_route=\/wp\/v2\/users\/2"}],"replies":[{"embeddable":true,"href":"https:\/\/radiocresatelital.com\/index.php?rest_route=%2Fwp%2Fv2%2Fcomments&post=22348"}],"version-history":[{"count":1,"href":"https:\/\/radiocresatelital.com\/index.php?rest_route=\/wp\/v2\/posts\/22348\/revisions"}],"predecessor-version":[{"id":22350,"href":"https:\/\/radiocresatelital.com\/index.php?rest_route=\/wp\/v2\/posts\/22348\/revisions\/22350"}],"wp:featuredmedia":[{"embeddable":true,"href":"https:\/\/radiocresatelital.com\/index.php?rest_route=\/wp\/v2\/media\/22349"}],"wp:attachment":[{"href":"https:\/\/radiocresatelital.com\/index.php?rest_route=%2Fwp%2Fv2%2Fmedia&parent=22348"}],"wp:term":[{"taxonomy":"category","embeddable":true,"href":"https:\/\/radiocresatelital.com\/index.php?rest_route=%2Fwp%2Fv2%2Fcategories&post=22348"},{"taxonomy":"post_tag","embeddable":true,"href":"https:\/\/radiocresatelital.com\/index.php?rest_route=%2Fwp%2Fv2%2Ftags&post=22348"}],"curies":[{"name":"wp","href":"https:\/\/api.w.org\/{rel}","templated":true}]}}