{"id":22345,"date":"2024-12-18T20:42:28","date_gmt":"2024-12-18T20:42:28","guid":{"rendered":"https:\/\/radiocresatelital.com\/?p=22345"},"modified":"2024-12-18T20:42:28","modified_gmt":"2024-12-18T20:42:28","slug":"gobierno-del-nuevo-ecuador-recupera-mas-de-80-000-cocinas-de-induccion-abandonadas-que-se-entregaran-gratuitamente-a-la-ciudadania","status":"publish","type":"post","link":"https:\/\/radiocresatelital.com\/?p=22345","title":{"rendered":"Gobierno del Nuevo Ecuador recupera m\u00e1s de 80.000 cocinas de inducci\u00f3n abandonadas, que se entregar\u00e1n gratuitamente a la ciudadan\u00eda"},"content":{"rendered":"<p>Quito.- Gracias a la firme decisi\u00f3n del Presidente Daniel Noboa de recuperar recursos abandonados y destinarlos a proyectos que beneficien a la ciudadan\u00eda, el gobierno del Nuevo Ecuador, a trav\u00e9s del Ministerio de Inclusi\u00f3n Econ\u00f3mica y Social (MIES) y en coordinaci\u00f3n con la Corporaci\u00f3n Nacional de Electricidad (CNEL) y el Ministerio de Energ\u00eda y Minas, entregar\u00e1 gratuitamente m\u00e1s de 80.000 cocinas de inducci\u00f3n, que permanec\u00edan embodegadas y abandonadas; a los sectores m\u00e1s necesitados.<\/p>\n<p>As\u00ed lo anunci\u00f3 esta ma\u00f1ana la ministra de Inclusi\u00f3n Econ\u00f3mica y Social, Zaida Rovira Jurado, quien se\u00f1al\u00f3 que este gobierno est\u00e1 corrigiendo esos errores del pasado. \u201cHoy, hemos firmado un convenio con CNEL para que se entregue al MIES las cocinas y distribuidas a los sectores m\u00e1s necesitados, a escala nacional. Este es un regalo porque las cocinas ya fueron pagadas por el Estado hace casi 10 a\u00f1os y han permanecido embodegadas descomponi\u00e9ndose\u201d, sostuvo.<\/p>\n<p>Indic\u00f3 que las cocinas fueron adquiridas en el 2014 por gobiernos anteriores, con la intenci\u00f3n de venderlas a la poblaci\u00f3n, a trav\u00e9s de programas y proyectos que fracasaron. Adem\u00e1s, agreg\u00f3 que, como parte de la l\u00ednea de trabajo transparente y de direccionar de manera adecuada los recursos del Estado, desde hoy se entregar\u00e1n gratuitamente.<\/p>\n<p>Por su parte, \u00c1ngel Erazo, gerente de CNEL, se\u00f1al\u00f3 que a trav\u00e9s del esfuerzo conjunto se lograr\u00e1 dar un nuevo destino a las cocinas de inducci\u00f3n que estuvieron abandonadas por a\u00f1os. \u201cHoy, damos un paso firme hacia la redistribuci\u00f3n de estos recursos, impulsando la inclusi\u00f3n y mejorando la calidad de vida de las personas que m\u00e1s lo necesitan\u201d, sostuvo.<\/p>\n<p>El proceso de entrega se ejecutar\u00e1 en coordinaci\u00f3n con las direcciones distritales del MIES y el Comando Conjunto de las Fuerzas Armadas y otras instituciones p\u00fablicas a nivel nacional. Los ciudadanos interesados deber\u00e1n presentar su c\u00e9dula de identidad. Adem\u00e1s, CNEL ofrecer\u00e1 de manera gratuita la instalaci\u00f3n del medidor de 220 voltios y el cableado necesario para soportar la corriente, en los hogares de los beneficiarios que lo soliciten.<\/p>\n<p>Adicionalmente, el Ministerio de Energ\u00eda y Minas ha ampliado el beneficio tarifario del Programa de Eficiencia Energ\u00e9tica, mediante el cual las familias registradas podr\u00e1n acceder a hasta 80 kW mensuales gratuitos, previa verificaci\u00f3n del uso de la cocina de inducci\u00f3n.<\/p>\n<p>Esta ma\u00f1ana, se hizo la primera entrega de alrededor de 200 cocinas de inducci\u00f3n en el Espacio Integral Familia El Astillero, ubicado al sur de Guayaquil. Los primeros beneficiarios son usuarios de varios de los servicios del MIES y moradores, principalmente, del sur de esta urbe.<\/p>\n<p>Con estas acciones, el Gobierno Nacional reafirma su compromiso de recuperar recursos abandonados<br \/>\ny optimizarlos, a trav\u00e9s de programas que beneficien directamente a la ciudadan\u00eda, especialmente a quienes m\u00e1s lo necesitan.<\/p>\n","protected":false},"excerpt":{"rendered":"<p>Quito.- Gracias a la firme decisi\u00f3n del Presidente Daniel Noboa de recuperar recursos abandonados y destinarlos a proyectos que beneficien a la ciudadan\u00eda, el gobierno del Nuevo Ecuador, a trav\u00e9s del Ministerio de Inclusi\u00f3n Econ\u00f3mica y Social (MIES) y en coordinaci\u00f3n con la Corporaci\u00f3n Nacional de Electricidad (CNEL) y el Ministerio de Energ\u00eda y Minas, [&hellip;]<\/p>\n","protected":false},"author":2,"featured_media":22346,"comment_status":"open","ping_status":"closed","sticky":false,"template":"","format":"standard","meta":{"_jetpack_memberships_contains_paid_content":false,"footnotes":""},"categories":[1],"tags":[1802,3014,237,1322],"class_list":["post-22345","post","type-post","status-publish","format-standard","has-post-thumbnail","hentry","category-publicidad","tag-corporacion-nacional-de-electricidad","tag-ministerio-de-energia-y-minas","tag-ministerio-de-inclusion-economica-y-social","tag-presidente-daniel-noboa"],"jetpack_featured_media_url":"https:\/\/radiocresatelital.com\/wp-content\/uploads\/2024\/12\/WhatsApp-Image-2024-12-18-at-15.38.17.jpeg","jetpack_sharing_enabled":true,"_links":{"self":[{"href":"https:\/\/radiocresatelital.com\/index.php?rest_route=\/wp\/v2\/posts\/22345","targetHints":{"allow":["GET"]}}],"collection":[{"href":"https:\/\/radiocresatelital.com\/index.php?rest_route=\/wp\/v2\/posts"}],"about":[{"href":"https:\/\/radiocresatelital.com\/index.php?rest_route=\/wp\/v2\/types\/post"}],"author":[{"embeddable":true,"href":"https:\/\/radiocresatelital.com\/index.php?rest_route=\/wp\/v2\/users\/2"}],"replies":[{"embeddable":true,"href":"https:\/\/radiocresatelital.com\/index.php?rest_route=%2Fwp%2Fv2%2Fcomments&post=22345"}],"version-history":[{"count":1,"href":"https:\/\/radiocresatelital.com\/index.php?rest_route=\/wp\/v2\/posts\/22345\/revisions"}],"predecessor-version":[{"id":22347,"href":"https:\/\/radiocresatelital.com\/index.php?rest_route=\/wp\/v2\/posts\/22345\/revisions\/22347"}],"wp:featuredmedia":[{"embeddable":true,"href":"https:\/\/radiocresatelital.com\/index.php?rest_route=\/wp\/v2\/media\/22346"}],"wp:attachment":[{"href":"https:\/\/radiocresatelital.com\/index.php?rest_route=%2Fwp%2Fv2%2Fmedia&parent=22345"}],"wp:term":[{"taxonomy":"category","embeddable":true,"href":"https:\/\/radiocresatelital.com\/index.php?rest_route=%2Fwp%2Fv2%2Fcategories&post=22345"},{"taxonomy":"post_tag","embeddable":true,"href":"https:\/\/radiocresatelital.com\/index.php?rest_route=%2Fwp%2Fv2%2Ftags&post=22345"}],"curies":[{"name":"wp","href":"https:\/\/api.w.org\/{rel}","templated":true}]}}