{"id":22342,"date":"2024-12-18T20:38:46","date_gmt":"2024-12-18T20:38:46","guid":{"rendered":"https:\/\/radiocresatelital.com\/?p=22342"},"modified":"2024-12-18T20:38:46","modified_gmt":"2024-12-18T20:38:46","slug":"en-el-casco-comercial-se-instalaron-91-letreros-para-promover-la-correcta-disposicion-de-residuos","status":"publish","type":"post","link":"https:\/\/radiocresatelital.com\/?p=22342","title":{"rendered":"En el casco comercial se instalaron 91 letreros para promover la correcta disposici\u00f3n de residuos"},"content":{"rendered":"<p>Guayaquil.- Con el objetivo de fomentar una adecuada disposici\u00f3n de residuos y asegurar el cumplimiento de los horarios establecidos para la recolecci\u00f3n en el centro comercial de Guayaquil, la Direcci\u00f3n de Aseo Cantonal y Servicios Especiales (DACSE), en coordinaci\u00f3n con la empresa encargada del barrido, recolecci\u00f3n y transporte de desechos, ha colocado 91 se\u00f1alizaciones en puntos cr\u00edticos y estrat\u00e9gicos de la Zona 1A, que abarca desde las calles Portete hasta Juli\u00e1n Coronel, y desde la avenida Quito hasta el Malec\u00f3n.<\/p>\n<p>Fernando Cornejo, Director General de DACSE, indic\u00f3 que se han identificado 47 puntos cr\u00edticos en los que se registra una alta incidencia de residuos fuera de lugar, fuera de los horarios establecidos. \u00abLa instalaci\u00f3n de estos letreros no solo busca informar, sino generar una conciencia colectiva sobre la importancia de mantener nuestras calles limpias y respetar los horarios de recolecci\u00f3n\u00bb, enfatiz\u00f3.<\/p>\n<p>Los letreros fueron colocados en lugares clave para educar tanto a residentes como a comerciantes sobre los horarios y turnos establecidos de recolecci\u00f3n de residuos, contribuyendo as\u00ed a la mejora de la gesti\u00f3n de desechos en el centro de Guayaquil.<\/p>\n<p>Asimismo, se prev\u00e9 realizar un an\u00e1lisis de la efectividad de esta medida en tres meses, con el fin de evaluar el impacto de la se\u00f1alizaci\u00f3n en los h\u00e1bitos ciudadanos y su influencia en la reducci\u00f3n de desechos en las v\u00edas p\u00fablicas.<\/p>\n<p>Actualmente, el servicio de recolecci\u00f3n en el casco comercial del centro de Guayaquil recoge un promedio de 115 toneladas de residuos diarios.<\/p>\n<p>Este esfuerzo resalta la importancia de la colaboraci\u00f3n activa entre ciudadanos y comerciantes para garantizar la limpieza en las \u00e1reas m\u00e1s transitadas de la ciudad.<\/p>\n<p>Desde DACSE se hace un llamado a la comunidad para que evite arrojar desperdicios en la v\u00eda p\u00fablica y se comprometa con el mantenimiento de un entorno m\u00e1s limpio y ordenado, lo cual contribuir\u00e1 a mejorar la calidad de vida de todos los habitantes de la Ciudad de Todos<\/p>\n","protected":false},"excerpt":{"rendered":"<p>Guayaquil.- Con el objetivo de fomentar una adecuada disposici\u00f3n de residuos y asegurar el cumplimiento de los horarios establecidos para la recolecci\u00f3n en el centro comercial de Guayaquil, la Direcci\u00f3n de Aseo Cantonal y Servicios Especiales (DACSE), en coordinaci\u00f3n con la empresa encargada del barrido, recolecci\u00f3n y transporte de desechos, ha colocado 91 se\u00f1alizaciones en [&hellip;]<\/p>\n","protected":false},"author":2,"featured_media":22343,"comment_status":"open","ping_status":"closed","sticky":false,"template":"","format":"standard","meta":{"_jetpack_memberships_contains_paid_content":false,"footnotes":""},"categories":[33,13],"tags":[3236],"class_list":["post-22342","post","type-post","status-publish","format-standard","has-post-thumbnail","hentry","category-guayaquil","category-noticias-nacionales","tag-direccion-de-aseo-cantonal-y-servicios-especiales"],"jetpack_featured_media_url":"https:\/\/radiocresatelital.com\/wp-content\/uploads\/2024\/12\/WhatsApp-Image-2024-11-04-at-18.23.43.jpeg","jetpack_sharing_enabled":true,"_links":{"self":[{"href":"https:\/\/radiocresatelital.com\/index.php?rest_route=\/wp\/v2\/posts\/22342","targetHints":{"allow":["GET"]}}],"collection":[{"href":"https:\/\/radiocresatelital.com\/index.php?rest_route=\/wp\/v2\/posts"}],"about":[{"href":"https:\/\/radiocresatelital.com\/index.php?rest_route=\/wp\/v2\/types\/post"}],"author":[{"embeddable":true,"href":"https:\/\/radiocresatelital.com\/index.php?rest_route=\/wp\/v2\/users\/2"}],"replies":[{"embeddable":true,"href":"https:\/\/radiocresatelital.com\/index.php?rest_route=%2Fwp%2Fv2%2Fcomments&post=22342"}],"version-history":[{"count":1,"href":"https:\/\/radiocresatelital.com\/index.php?rest_route=\/wp\/v2\/posts\/22342\/revisions"}],"predecessor-version":[{"id":22344,"href":"https:\/\/radiocresatelital.com\/index.php?rest_route=\/wp\/v2\/posts\/22342\/revisions\/22344"}],"wp:featuredmedia":[{"embeddable":true,"href":"https:\/\/radiocresatelital.com\/index.php?rest_route=\/wp\/v2\/media\/22343"}],"wp:attachment":[{"href":"https:\/\/radiocresatelital.com\/index.php?rest_route=%2Fwp%2Fv2%2Fmedia&parent=22342"}],"wp:term":[{"taxonomy":"category","embeddable":true,"href":"https:\/\/radiocresatelital.com\/index.php?rest_route=%2Fwp%2Fv2%2Fcategories&post=22342"},{"taxonomy":"post_tag","embeddable":true,"href":"https:\/\/radiocresatelital.com\/index.php?rest_route=%2Fwp%2Fv2%2Ftags&post=22342"}],"curies":[{"name":"wp","href":"https:\/\/api.w.org\/{rel}","templated":true}]}}