{"id":22288,"date":"2024-12-17T20:51:01","date_gmt":"2024-12-17T20:51:01","guid":{"rendered":"https:\/\/radiocresatelital.com\/?p=22288"},"modified":"2024-12-17T20:51:01","modified_gmt":"2024-12-17T20:51:01","slug":"estudiantes-de-clubes-de-robotica-recibiran-700-kits-de-robotica-por-parte-del-gobierno-nacional","status":"publish","type":"post","link":"https:\/\/radiocresatelital.com\/?p=22288","title":{"rendered":"Estudiantes de clubes de rob\u00f3tica recibir\u00e1n 700 Kits de Rob\u00f3tica por parte del Gobierno Nacional"},"content":{"rendered":"<p>Quito. \u2013 Un total de 400 estudiantes de los clubes de rob\u00f3tica de Calder\u00f3n participaron esta ma\u00f1ana en un encuentro juvenil junto al presidente de la Rep\u00fablica, Daniel Noboa Azin. La cita se realiz\u00f3 hoy, 17 de diciembre de 2024, en la Unidad Educativa Tarqui. Por su parte, el Ministerio de Educaci\u00f3n entreg\u00f3 80 tablets al club de esta instituci\u00f3n como parte de la iniciativa Agenda Educativa Digital y el programa \u201cEugenia y la Rob\u00f3tica\u201d.<\/p>\n<p>\u201cUstedes est\u00e1n ahora en la primera l\u00ednea, son los nativos digitales; tienen las destrezas a su alcance para insertarse con mayor facilidad en el mundo de la tecnolog\u00eda\u201d, mencion\u00f3 el jefe de Estado a las y los adolescentes.<\/p>\n<p>La Agenda Educativa Digital es una estrategia nacional que promueve la alfabetizaci\u00f3n digital. De esta iniciativa naci\u00f3 el proyecto \u201cEugenia y la Rob\u00f3tica\u201d, un espacio de aprendizaje colaborativo, cuyo prop\u00f3sito es fortalecer habilidades en ciencia, tecnolog\u00eda, ingenier\u00eda, arte, matem\u00e1ticas y humanidades (metodolog\u00eda (STEAM+H).<\/p>\n<p>Cerca de 31.000 estudiantes participan en proyectos de rob\u00f3tica y programaci\u00f3n en 22 instituciones educativas. Para ello, se conformaron clubes en Quito, Guayaquil, Cuenca, Tena, Santo Domingo, Riobamba y Macas. Desde el Ministerio de Educaci\u00f3n se les entreg\u00f3 132 kits de rob\u00f3tica, cada uno contiene seis robots, 3 en1, Ranger y 440 tablets, como parte de un total de 700 tablets que se terminar\u00e1n de distribuir hasta el pr\u00f3ximo a\u00f1o, se\u00f1al\u00f3 la ministra del ramo, Alegr\u00eda Crespo.<\/p>\n<p>J\u00e9ssica Baja\u00f1a, estudiante de la Unidad Educativa Luxemburgo y miembro de un club de rob\u00f3tica, afirm\u00f3 que la innovaci\u00f3n es el motor que impulsa el futuro y enciende la creatividad: \u201cMiramos al futuro con optimismo por eso agradecemos al Presidente, quien, con su visi\u00f3n y compromiso con la educaci\u00f3n, ahora tenemos las herramientas necesarias para un futuro brillante\u201d, se\u00f1al\u00f3.<\/p>\n<p>Para resaltar las acciones que reducen las brechas digitales en la educaci\u00f3n, la ministra Crespo mencion\u00f3 que dentro de la estrategia nacional Agenda Educativa Digital se pretende potenciar las competencias digitales en el alumnado y docentes: \u201cBuscamos que sean protagonistas de una transformaci\u00f3n educativa que coloque a Ecuador a la vanguardia de la era digital\u201d, dijo.<\/p>\n<p>En este punto, el presidente Noboa enfatiz\u00f3 que las nuevas generaciones deben prepararse para enfrentar un mundo globalizado con manejo cient\u00edfico y tecnol\u00f3gico: \u201cEso es lo que se buscamos en el Nuevo Ecuador: la Agenda Educativa Digital, que se compone de una serie de estrategias, de caminos y de formas para que tanto los maestros, como los estudiantes, accedan al conocimiento digital\u201d.<\/p>\n<p>Ahora el reto del Gobierno Nacional es ampliar el alcance del proyecto \u201cEugenia y la Rob\u00f3tica\u201d a todas las regiones del pa\u00eds, ya que estas herramientas son claves en la transformaci\u00f3n hacia el desarrollo. Finalmente, el Mandatario tambi\u00e9n envi\u00f3 un mensaje de paz por la Navidad: \u201cAprovecho este momento para invitarlos a pensar en metas grandes, llenas de ilusi\u00f3n y esperanza, que s\u00e9 que juntos podemos lograr\u201d.<\/p>\n","protected":false},"excerpt":{"rendered":"<p>Quito. \u2013 Un total de 400 estudiantes de los clubes de rob\u00f3tica de Calder\u00f3n participaron esta ma\u00f1ana en un encuentro juvenil junto al presidente de la Rep\u00fablica, Daniel Noboa Azin. La cita se realiz\u00f3 hoy, 17 de diciembre de 2024, en la Unidad Educativa Tarqui. Por su parte, el Ministerio de Educaci\u00f3n entreg\u00f3 80 tablets [&hellip;]<\/p>\n","protected":false},"author":2,"featured_media":22289,"comment_status":"open","ping_status":"closed","sticky":false,"template":"","format":"standard","meta":{"_jetpack_memberships_contains_paid_content":false,"footnotes":""},"categories":[13],"tags":[1322],"class_list":["post-22288","post","type-post","status-publish","format-standard","has-post-thumbnail","hentry","category-noticias-nacionales","tag-presidente-daniel-noboa"],"jetpack_featured_media_url":"https:\/\/radiocresatelital.com\/wp-content\/uploads\/2024\/12\/54211006435_41bd474eba_c.jpg","jetpack_sharing_enabled":true,"_links":{"self":[{"href":"https:\/\/radiocresatelital.com\/index.php?rest_route=\/wp\/v2\/posts\/22288","targetHints":{"allow":["GET"]}}],"collection":[{"href":"https:\/\/radiocresatelital.com\/index.php?rest_route=\/wp\/v2\/posts"}],"about":[{"href":"https:\/\/radiocresatelital.com\/index.php?rest_route=\/wp\/v2\/types\/post"}],"author":[{"embeddable":true,"href":"https:\/\/radiocresatelital.com\/index.php?rest_route=\/wp\/v2\/users\/2"}],"replies":[{"embeddable":true,"href":"https:\/\/radiocresatelital.com\/index.php?rest_route=%2Fwp%2Fv2%2Fcomments&post=22288"}],"version-history":[{"count":1,"href":"https:\/\/radiocresatelital.com\/index.php?rest_route=\/wp\/v2\/posts\/22288\/revisions"}],"predecessor-version":[{"id":22290,"href":"https:\/\/radiocresatelital.com\/index.php?rest_route=\/wp\/v2\/posts\/22288\/revisions\/22290"}],"wp:featuredmedia":[{"embeddable":true,"href":"https:\/\/radiocresatelital.com\/index.php?rest_route=\/wp\/v2\/media\/22289"}],"wp:attachment":[{"href":"https:\/\/radiocresatelital.com\/index.php?rest_route=%2Fwp%2Fv2%2Fmedia&parent=22288"}],"wp:term":[{"taxonomy":"category","embeddable":true,"href":"https:\/\/radiocresatelital.com\/index.php?rest_route=%2Fwp%2Fv2%2Fcategories&post=22288"},{"taxonomy":"post_tag","embeddable":true,"href":"https:\/\/radiocresatelital.com\/index.php?rest_route=%2Fwp%2Fv2%2Ftags&post=22288"}],"curies":[{"name":"wp","href":"https:\/\/api.w.org\/{rel}","templated":true}]}}