{"id":22285,"date":"2024-12-17T20:46:31","date_gmt":"2024-12-17T20:46:31","guid":{"rendered":"https:\/\/radiocresatelital.com\/?p=22285"},"modified":"2024-12-17T20:46:31","modified_gmt":"2024-12-17T20:46:31","slug":"terminal-terrestre-de-guayaquil-enciende-el-arbol-de-navidad-con-la-presencia-del-alcalde-aquiles-alvarez","status":"publish","type":"post","link":"https:\/\/radiocresatelital.com\/?p=22285","title":{"rendered":"Terminal Terrestre de Guayaquil enciende el \u00c1rbol de Navidad con la presencia del Alcalde Aquiles \u00c1lvarez"},"content":{"rendered":"<p>Guayaquil.- El Alcalde Aquiles \u00c1lvarez, asisti\u00f3 al encendido del \u00e1rbol de Navidad de la Terminal Terrestre de Guayaquil (TTG), ante la presencia de pasajeros, autoridades municipales y ciudadanos en general.<\/p>\n<p>El \u00e1rbol, de 15 metros de altura, est\u00e1 ubicado en la pileta exterior de la TTG. Tambi\u00e9n se iluminaron las letras corp\u00f3reas que forman la leyenda Ciudad de Todos.<\/p>\n<p>En el evento se present\u00f3 el show \u201cCuento de Navidad\u201d, que llen\u00f3 de alegr\u00eda y de esp\u00edritu navide\u00f1o a los asistentes.<\/p>\n<p>El primer personero de la ciudad se dirigi\u00f3 a los presentes. \u201cGracias a todos los ni\u00f1os que nos acompa\u00f1an, yo soy un invitado m\u00e1s, gracias a todos los que hacen que Guayaquil sea una Ciudad de Todos. Ese es el trabajo de todos los d\u00edas para nosotros, ese es nuestro sue\u00f1o, por eso trabajamos, lo hacemos por convicci\u00f3n y de coraz\u00f3n y nunca vamos a dejar de prender a Guayaquil, m\u00e1s a\u00fan en tiempos de oscuridad. As\u00ed que, gracias a la Terminal, vamos a prender el \u00e1rbol. Gracias a todos los empleados que hacen que la terminal sea un mejor terminal todos los d\u00edas\u201d.<\/p>\n<p>La Terminal Terrestre de Guayaquil es uno de los principales centros de transporte en el pa\u00eds por lo que este tipo de actividades contribuye a fortalecer el esp\u00edritu navide\u00f1o y la identidad cultural de la ciudad.<\/p>\n<p>Sandro Land\u00e1zarui coment\u00f3 que \u201cme pareci\u00f3 esto muy bonito, ahora como est\u00e1 la situaci\u00f3n del pa\u00eds. Estos eventos dan alegr\u00eda a los ni\u00f1os y una esperanza en esta Navidad\u201d.<\/p>\n<p>Este evento es parte de las actividades organizadas por la Municipalidad para recuperar los espacios p\u00fablicos y la econom\u00eda de la Ciudad de Todos.<\/p>\n","protected":false},"excerpt":{"rendered":"<p>Guayaquil.- El Alcalde Aquiles \u00c1lvarez, asisti\u00f3 al encendido del \u00e1rbol de Navidad de la Terminal Terrestre de Guayaquil (TTG), ante la presencia de pasajeros, autoridades municipales y ciudadanos en general. El \u00e1rbol, de 15 metros de altura, est\u00e1 ubicado en la pileta exterior de la TTG. Tambi\u00e9n se iluminaron las letras corp\u00f3reas que forman la [&hellip;]<\/p>\n","protected":false},"author":2,"featured_media":22286,"comment_status":"open","ping_status":"closed","sticky":false,"template":"","format":"standard","meta":{"_jetpack_memberships_contains_paid_content":false,"footnotes":""},"categories":[33,13],"tags":[1519,1589],"class_list":["post-22285","post","type-post","status-publish","format-standard","has-post-thumbnail","hentry","category-guayaquil","category-noticias-nacionales","tag-alcalde-aquiles-alvarez","tag-terminal-terrestre-de-guayaquil"],"jetpack_featured_media_url":"https:\/\/radiocresatelital.com\/wp-content\/uploads\/2024\/12\/GfAnsOgXkAAAYDB.jpg","jetpack_sharing_enabled":true,"_links":{"self":[{"href":"https:\/\/radiocresatelital.com\/index.php?rest_route=\/wp\/v2\/posts\/22285","targetHints":{"allow":["GET"]}}],"collection":[{"href":"https:\/\/radiocresatelital.com\/index.php?rest_route=\/wp\/v2\/posts"}],"about":[{"href":"https:\/\/radiocresatelital.com\/index.php?rest_route=\/wp\/v2\/types\/post"}],"author":[{"embeddable":true,"href":"https:\/\/radiocresatelital.com\/index.php?rest_route=\/wp\/v2\/users\/2"}],"replies":[{"embeddable":true,"href":"https:\/\/radiocresatelital.com\/index.php?rest_route=%2Fwp%2Fv2%2Fcomments&post=22285"}],"version-history":[{"count":1,"href":"https:\/\/radiocresatelital.com\/index.php?rest_route=\/wp\/v2\/posts\/22285\/revisions"}],"predecessor-version":[{"id":22287,"href":"https:\/\/radiocresatelital.com\/index.php?rest_route=\/wp\/v2\/posts\/22285\/revisions\/22287"}],"wp:featuredmedia":[{"embeddable":true,"href":"https:\/\/radiocresatelital.com\/index.php?rest_route=\/wp\/v2\/media\/22286"}],"wp:attachment":[{"href":"https:\/\/radiocresatelital.com\/index.php?rest_route=%2Fwp%2Fv2%2Fmedia&parent=22285"}],"wp:term":[{"taxonomy":"category","embeddable":true,"href":"https:\/\/radiocresatelital.com\/index.php?rest_route=%2Fwp%2Fv2%2Fcategories&post=22285"},{"taxonomy":"post_tag","embeddable":true,"href":"https:\/\/radiocresatelital.com\/index.php?rest_route=%2Fwp%2Fv2%2Ftags&post=22285"}],"curies":[{"name":"wp","href":"https:\/\/api.w.org\/{rel}","templated":true}]}}