{"id":22282,"date":"2024-12-17T20:41:50","date_gmt":"2024-12-17T20:41:50","guid":{"rendered":"https:\/\/radiocresatelital.com\/?p=22282"},"modified":"2024-12-17T20:42:00","modified_gmt":"2024-12-17T20:42:00","slug":"noveno-gabinete-sectorial-de-lo-social-analiza-avances-en-politicas-publicas-para-grupos-vulnerables-y-prioritarios","status":"publish","type":"post","link":"https:\/\/radiocresatelital.com\/?p=22282","title":{"rendered":"Noveno Gabinete Sectorial de lo Social analiza avances en pol\u00edticas p\u00fablicas para grupos vulnerables y prioritarios"},"content":{"rendered":"<p>Quito.- El cant\u00f3n Rumi\u00f1ahui, en la provincia de Pichincha, fue sede del noveno Gabinete Sectorial de lo Social, que fue liderado por el Ministerio de Inclusi\u00f3n Econ\u00f3mica y Social (MIES) y que se efectu\u00f3 con el objetivo de analizar las acciones y avances en pol\u00edticas p\u00fablicas que lleva adelante el gobierno del presidente Daniel Noboa para garantizar atenci\u00f3n y servicios a grupos de atenci\u00f3n prioritaria y vulnerable.<\/p>\n<p>La ministra de Inclusi\u00f3n Econ\u00f3mica y Social, Zaida Rovira, presidi\u00f3 el gabinete y, junto a las m\u00e1ximas autoridades de los ministerios y secretar\u00edas que conforman el sector social, analiz\u00f3 el trabajo que se lleva adelante, con el fin de garantizar el bienestar de la poblaci\u00f3n, especialmente de quienes est\u00e1n en situaci\u00f3n de pobreza y pobreza extrema.<\/p>\n<p>En su intervenci\u00f3n, la ministra Rovira se\u00f1al\u00f3 que gracias a la permanente articulaci\u00f3n interinstitucional y los gabinetes que se realizan en todo el territorio, de manera mensual, se est\u00e1 construyendo un nuevo Ecuador. \u201cEste es el \u00faltimo Gabinete del a\u00f1o y gracias al trabajo coordinado, vemos que los recursos del Estado llegan a quienes m\u00e1s lo necesitan\u201d, agreg\u00f3.<\/p>\n<p>La gesti\u00f3n institucional y la hoja de ruta trazada por el sector social han permitido obtener varios resultados en Rumi\u00f1ahui como, por ejemplo, la entrega de 390 Cr\u00e9ditos de Desarrollo Humano por parte del MIES, que han servido para que usuarias del Bono de Desarrollo Humano puedan iniciar o fortalecer su propio emprendimiento.<\/p>\n<p>Tambi\u00e9n se ha logrado alcanzar 17 mil descargas de la segunda versi\u00f3n del aplicativo m\u00f3vil InfanciaEC, que fue desarrollado por la Secretar\u00eda T\u00e9cnica Ecuador Crece Sin Desnutrici\u00f3n Infantil, con el fin de hacer seguimiento del estado nutricional y de salud de ni\u00f1as y ni\u00f1os menores de 2 a\u00f1os; y mujeres embarazadas; entre otros logros.<\/p>\n<p>Previamente, la ministra Rovira, junto al alcalde de Rumi\u00f1ahui, Fabi\u00e1n Iza, y varias autoridades del sector social, visit\u00f3 la Brigada Social por el Nuevo Ecuador, que se activ\u00f3 en la Plaza 31 de Mayo y que permiti\u00f3 que varias instituciones de Estado brinden atenci\u00f3n directa a la ciudadan\u00eda y entreguen informaci\u00f3n acerca de sus servicios.<\/p>\n<p>En este espacio, la Ministra ratific\u00f3 el compromiso del gobierno del presidente Noboa con las personas m\u00e1s vulnerables; as\u00ed como de cumplir con su disposici\u00f3n de \u201cponer al ser humano como el centro de las pol\u00edticas p\u00fablicas\u201d.<\/p>\n","protected":false},"excerpt":{"rendered":"<p>Quito.- El cant\u00f3n Rumi\u00f1ahui, en la provincia de Pichincha, fue sede del noveno Gabinete Sectorial de lo Social, que fue liderado por el Ministerio de Inclusi\u00f3n Econ\u00f3mica y Social (MIES) y que se efectu\u00f3 con el objetivo de analizar las acciones y avances en pol\u00edticas p\u00fablicas que lleva adelante el gobierno del presidente Daniel Noboa [&hellip;]<\/p>\n","protected":false},"author":2,"featured_media":22283,"comment_status":"open","ping_status":"closed","sticky":false,"template":"","format":"standard","meta":{"_jetpack_memberships_contains_paid_content":false,"footnotes":""},"categories":[13],"tags":[237],"class_list":["post-22282","post","type-post","status-publish","format-standard","has-post-thumbnail","hentry","category-noticias-nacionales","tag-ministerio-de-inclusion-economica-y-social"],"jetpack_featured_media_url":"https:\/\/radiocresatelital.com\/wp-content\/uploads\/2024\/12\/WhatsApp-Image-2024-12-17-at-15.37.32-scaled.jpeg","jetpack_sharing_enabled":true,"_links":{"self":[{"href":"https:\/\/radiocresatelital.com\/index.php?rest_route=\/wp\/v2\/posts\/22282","targetHints":{"allow":["GET"]}}],"collection":[{"href":"https:\/\/radiocresatelital.com\/index.php?rest_route=\/wp\/v2\/posts"}],"about":[{"href":"https:\/\/radiocresatelital.com\/index.php?rest_route=\/wp\/v2\/types\/post"}],"author":[{"embeddable":true,"href":"https:\/\/radiocresatelital.com\/index.php?rest_route=\/wp\/v2\/users\/2"}],"replies":[{"embeddable":true,"href":"https:\/\/radiocresatelital.com\/index.php?rest_route=%2Fwp%2Fv2%2Fcomments&post=22282"}],"version-history":[{"count":1,"href":"https:\/\/radiocresatelital.com\/index.php?rest_route=\/wp\/v2\/posts\/22282\/revisions"}],"predecessor-version":[{"id":22284,"href":"https:\/\/radiocresatelital.com\/index.php?rest_route=\/wp\/v2\/posts\/22282\/revisions\/22284"}],"wp:featuredmedia":[{"embeddable":true,"href":"https:\/\/radiocresatelital.com\/index.php?rest_route=\/wp\/v2\/media\/22283"}],"wp:attachment":[{"href":"https:\/\/radiocresatelital.com\/index.php?rest_route=%2Fwp%2Fv2%2Fmedia&parent=22282"}],"wp:term":[{"taxonomy":"category","embeddable":true,"href":"https:\/\/radiocresatelital.com\/index.php?rest_route=%2Fwp%2Fv2%2Fcategories&post=22282"},{"taxonomy":"post_tag","embeddable":true,"href":"https:\/\/radiocresatelital.com\/index.php?rest_route=%2Fwp%2Fv2%2Ftags&post=22282"}],"curies":[{"name":"wp","href":"https:\/\/api.w.org\/{rel}","templated":true}]}}