{"id":22251,"date":"2024-12-17T15:49:50","date_gmt":"2024-12-17T15:49:50","guid":{"rendered":"https:\/\/radiocresatelital.com\/?p=22251"},"modified":"2024-12-17T15:49:50","modified_gmt":"2024-12-17T15:49:50","slug":"las-7-industrias-que-sufren-el-apagon-de-15-dias-generan-7000-empleos-directos-francisco-jarrin","status":"publish","type":"post","link":"https:\/\/radiocresatelital.com\/?p=22251","title":{"rendered":"Las 7 industrias que sufren el apag\u00f3n de 15 d\u00edas, generan 7000 empleos directos, Francisco Jarr\u00edn"},"content":{"rendered":"<p>Guayaquil.- El presidente de la C\u00e1mara de Industrias de Guayaquil, Francisco Jarr\u00edn, cuantific\u00f3 lo que significa el apag\u00f3n de 15 d\u00edas para 7 industrias del pa\u00eds, entre ellas, mineras y cementeras, puesto que la capacidad productiva de las mismas se ver\u00e1 afectada, ya que aunque cuenten con generadores, no siempre son suficientes para suplir toda su necesidad energ\u00e9tica, asever\u00f3 el l\u00edder empresarial.<\/p>\n<p>Cabe se\u00f1alar, que el sector de la construcci\u00f3n se ve directamente afectado, puesto que sin una producci\u00f3n normal de cemento, las obras se paralizan o retrasan, los alba\u00f1iles no tienen trabajo y todos los empleos indirectos se ven afectados. A esta situaci\u00f3n habr\u00eda que sumarle la afectaci\u00f3n que ha sufrido el sector productivo y comercial del pa\u00eds por los robos, extorsines y secuestros, lo cual suma aproximadamente $ 700 millones.<\/p>\n<p>Al graficar num\u00e9ricamente el \u00abapag\u00f3n\u00bb industrial, el mapa queda as\u00ed: Las 7 industrias afectadas generan $ 3.500 millones anualmente, generando $ 170 millones en Impuesto a la Renta y 7000 puestos de trabajo en forma directa. A ello habr\u00eda que sumarle<\/p>\n<p>&nbsp;<\/p>\n<p>&nbsp;<\/p>\n<p>&nbsp;<\/p>\n","protected":false},"excerpt":{"rendered":"<p>Guayaquil.- El presidente de la C\u00e1mara de Industrias de Guayaquil, Francisco Jarr\u00edn, cuantific\u00f3 lo que significa el apag\u00f3n de 15 d\u00edas para 7 industrias del pa\u00eds, entre ellas, mineras y cementeras, puesto que la capacidad productiva de las mismas se ver\u00e1 afectada, ya que aunque cuenten con generadores, no siempre son suficientes para suplir toda [&hellip;]<\/p>\n","protected":false},"author":3,"featured_media":22252,"comment_status":"open","ping_status":"closed","sticky":false,"template":"","format":"standard","meta":{"_jetpack_memberships_contains_paid_content":false,"footnotes":""},"categories":[1],"tags":[3516],"class_list":["post-22251","post","type-post","status-publish","format-standard","has-post-thumbnail","hentry","category-publicidad","tag-apagonindustrial"],"jetpack_featured_media_url":"https:\/\/radiocresatelital.com\/wp-content\/uploads\/2024\/12\/francisco-jarrin.jpeg","jetpack_sharing_enabled":true,"_links":{"self":[{"href":"https:\/\/radiocresatelital.com\/index.php?rest_route=\/wp\/v2\/posts\/22251","targetHints":{"allow":["GET"]}}],"collection":[{"href":"https:\/\/radiocresatelital.com\/index.php?rest_route=\/wp\/v2\/posts"}],"about":[{"href":"https:\/\/radiocresatelital.com\/index.php?rest_route=\/wp\/v2\/types\/post"}],"author":[{"embeddable":true,"href":"https:\/\/radiocresatelital.com\/index.php?rest_route=\/wp\/v2\/users\/3"}],"replies":[{"embeddable":true,"href":"https:\/\/radiocresatelital.com\/index.php?rest_route=%2Fwp%2Fv2%2Fcomments&post=22251"}],"version-history":[{"count":1,"href":"https:\/\/radiocresatelital.com\/index.php?rest_route=\/wp\/v2\/posts\/22251\/revisions"}],"predecessor-version":[{"id":22253,"href":"https:\/\/radiocresatelital.com\/index.php?rest_route=\/wp\/v2\/posts\/22251\/revisions\/22253"}],"wp:featuredmedia":[{"embeddable":true,"href":"https:\/\/radiocresatelital.com\/index.php?rest_route=\/wp\/v2\/media\/22252"}],"wp:attachment":[{"href":"https:\/\/radiocresatelital.com\/index.php?rest_route=%2Fwp%2Fv2%2Fmedia&parent=22251"}],"wp:term":[{"taxonomy":"category","embeddable":true,"href":"https:\/\/radiocresatelital.com\/index.php?rest_route=%2Fwp%2Fv2%2Fcategories&post=22251"},{"taxonomy":"post_tag","embeddable":true,"href":"https:\/\/radiocresatelital.com\/index.php?rest_route=%2Fwp%2Fv2%2Ftags&post=22251"}],"curies":[{"name":"wp","href":"https:\/\/api.w.org\/{rel}","templated":true}]}}