{"id":222,"date":"2023-06-22T20:11:20","date_gmt":"2023-06-22T20:11:20","guid":{"rendered":"https:\/\/radiocresatelital.com\/?p=222"},"modified":"2023-06-22T20:11:20","modified_gmt":"2023-06-22T20:11:20","slug":"prefecta-marcela-aguinaga-medio-ante-el-gobierno-en-defensa-de-los-productores-de-arroz","status":"publish","type":"post","link":"https:\/\/radiocresatelital.com\/?p=222","title":{"rendered":"Prefecta Marcela Agui\u00f1aga medi\u00f3 ante el Gobierno en defensa de los productores de arroz"},"content":{"rendered":"<p><span style=\"font-weight: 400;\">Guayaquil.- La marcha que prot<\/span><span style=\"font-weight: 400;\">agonizaron este jueves 22 de junio los productores de arroz de diversas provincias por las calles de Guayaquil, culmin\u00f3 con un encuentro que tuvo a la prefecta del Guayas, como mediadora entre ellos y el Gobernador Tabacchi.<\/span><\/p>\n<p><span style=\"font-weight: 400;\">Durante el encuentro, los productores expresaron su preocupaci\u00f3n por la decisi\u00f3n del Gobierno Nacional de importar arroz desde Colombia. Adem\u00e1s, mostraron su malestar porque no se paga el precio justo a quienes siembran la gram\u00ednea y porque se est\u00e1 acaparando el producto.\u00a0<\/span><\/p>\n<p><span style=\"font-weight: 400;\">\u201c\u00bfPor qu\u00e9 el cuarto ministro de Agricultura de este gobierno ha tomado la decisi\u00f3n de importar arroz cuando sabemos que nuestras parcelas est\u00e1n totalmente sembradas\u201d, cuestion\u00f3 Alexandra Pl\u00faas, vocera del Frente de Organizaciones Sociales, Agr\u00edcolas y Ganaderas de Santa Luc\u00eda.<\/span><\/p>\n<p><span style=\"font-weight: 400;\">La prefecta Agui\u00f1aga se solidariz\u00f3 con los agricultores y rechaz\u00f3 la importaci\u00f3n de arroz. \u201cEstamos esperando que el gobierno nacional nos diga cu\u00e1ntas son las hect\u00e1reas que se han perdido porque nadie sabe, porque no solo perjudican al peque\u00f1o arrocero sino tambi\u00e9n al consumidor final\u201d.<\/span><\/p>\n<p><span style=\"font-weight: 400;\">El siguiente paso, se\u00f1al\u00f3, ser\u00eda que el gobernador Tabacchi tome acciones legales, ante la denuncia de los agricultores de que se est\u00e1 acaparando el arroz y especulando con su precio. \u201cNosotros como Prefectura Ciudadana del Guayas pondremos tambi\u00e9n las denuncias de rigor ante las autoridades competentes\u201d.<\/span><\/p>\n<p><span style=\"font-weight: 400;\">La intenci\u00f3n es garantizar un precio justo para el productor y para el consumidor.\u00a0<\/span><\/p>\n<p><span style=\"font-weight: 400;\">Cuestion\u00f3, si la importaci\u00f3n de 30.000 toneladas de arroz est\u00e1 en marcha, \u201cc\u00f3mo se va a compensar a aquellos que ser\u00edan perjudicados cuando saquen su nueva cosecha y ah\u00ed es una raz\u00f3n m\u00e1s de por qu\u00e9 en Ecuador exist\u00eda y era necesario tener las unidades de almacenamiento, porque eso nos permite controlar el precio\u201d.<\/span><\/p>\n<p><span style=\"font-weight: 400;\">Tambi\u00e9n qued\u00f3 de relieve la preparaci\u00f3n que debe haber ante el Fen\u00f3meno El Ni\u00f1o. \u201c\u00bfQu\u00e9 pasa con aquellas hect\u00e1reas que quedar\u00edan bajo el agua y c\u00f3mo nosotros hacemos que esos peque\u00f1os productores, esos d\u00edas que no van a poder cosechar, tengan un ingreso hasta que baje el agua?\u201d. De hecho, la ejecutiva provincial record\u00f3 el bono que la Prefectura otorgar\u00e1 a los peque\u00f1os agricultores.<\/span><\/p>\n","protected":false},"excerpt":{"rendered":"<p>Guayaquil.- La marcha que protagonizaron este jueves 22 de junio los productores de arroz de diversas provincias por las calles de Guayaquil, culmin\u00f3 con un encuentro que tuvo a la prefecta del Guayas, como mediadora entre ellos y el Gobernador Tabacchi. Durante el encuentro, los productores expresaron su preocupaci\u00f3n por la decisi\u00f3n del Gobierno Nacional [&hellip;]<\/p>\n","protected":false},"author":2,"featured_media":223,"comment_status":"open","ping_status":"closed","sticky":false,"template":"","format":"standard","meta":{"_jetpack_memberships_contains_paid_content":false,"footnotes":""},"categories":[13],"tags":[53],"class_list":["post-222","post","type-post","status-publish","format-standard","has-post-thumbnail","hentry","category-noticias-nacionales","tag-gobernador-guayas"],"jetpack_featured_media_url":"https:\/\/radiocresatelital.com\/wp-content\/uploads\/2023\/06\/FzPamfkXwAcaUBP.jpg","jetpack_sharing_enabled":true,"_links":{"self":[{"href":"https:\/\/radiocresatelital.com\/index.php?rest_route=\/wp\/v2\/posts\/222","targetHints":{"allow":["GET"]}}],"collection":[{"href":"https:\/\/radiocresatelital.com\/index.php?rest_route=\/wp\/v2\/posts"}],"about":[{"href":"https:\/\/radiocresatelital.com\/index.php?rest_route=\/wp\/v2\/types\/post"}],"author":[{"embeddable":true,"href":"https:\/\/radiocresatelital.com\/index.php?rest_route=\/wp\/v2\/users\/2"}],"replies":[{"embeddable":true,"href":"https:\/\/radiocresatelital.com\/index.php?rest_route=%2Fwp%2Fv2%2Fcomments&post=222"}],"version-history":[{"count":1,"href":"https:\/\/radiocresatelital.com\/index.php?rest_route=\/wp\/v2\/posts\/222\/revisions"}],"predecessor-version":[{"id":224,"href":"https:\/\/radiocresatelital.com\/index.php?rest_route=\/wp\/v2\/posts\/222\/revisions\/224"}],"wp:featuredmedia":[{"embeddable":true,"href":"https:\/\/radiocresatelital.com\/index.php?rest_route=\/wp\/v2\/media\/223"}],"wp:attachment":[{"href":"https:\/\/radiocresatelital.com\/index.php?rest_route=%2Fwp%2Fv2%2Fmedia&parent=222"}],"wp:term":[{"taxonomy":"category","embeddable":true,"href":"https:\/\/radiocresatelital.com\/index.php?rest_route=%2Fwp%2Fv2%2Fcategories&post=222"},{"taxonomy":"post_tag","embeddable":true,"href":"https:\/\/radiocresatelital.com\/index.php?rest_route=%2Fwp%2Fv2%2Ftags&post=222"}],"curies":[{"name":"wp","href":"https:\/\/api.w.org\/{rel}","templated":true}]}}