{"id":22149,"date":"2024-12-13T20:36:03","date_gmt":"2024-12-13T20:36:03","guid":{"rendered":"https:\/\/radiocresatelital.com\/?p=22149"},"modified":"2024-12-13T20:36:03","modified_gmt":"2024-12-13T20:36:03","slug":"profesionales-de-la-salud-de-primer-nivel-de-el-oro-recibieron-capacitacion-sobre-enfermedad-de-vih-sida","status":"publish","type":"post","link":"https:\/\/radiocresatelital.com\/?p=22149","title":{"rendered":"Profesionales de la salud de primer nivel de El Oro recibieron capacitaci\u00f3n sobre enfermedad de VIH\/SIDA"},"content":{"rendered":"<p>Machala.- La Coordinaci\u00f3n Zonal 7 Salud a trav\u00e9s del Hospital General Te\u00f3filo D\u00e1vila de Machala y la Gesti\u00f3n Interna Zonal de Estrategias de Prevenci\u00f3n y Control para Enfermedades Transmisibles y el Proyecto de Reducci\u00f3n de las Enfermedades Cr\u00f3nico &#8211; Transmisibles de Mayor Impacto en el Ecuador: VIH\/SIDA, ITS, Tuberculosis y Hepatitis Viral B y C, implementa estrategias de prevenci\u00f3n, diagn\u00f3stico, atenci\u00f3n y seguimiento de las hepatitis virales, de acuerdo al Plan Estrat\u00e9gico Nacional Multisectorial 2023-2025 y con el fin de alcanzar las metas propuestas en el Plan Decenal.<\/p>\n<p>En este contexto y tomando en cuenta la importancia de disminuir la morbi\/mortalidad, se brind\u00f3 capacitaci\u00f3n de dos d\u00edas a 80 profesionales de la salud del primer nivel de la provincia de El Oro, con el objetivo de fortalecer los temas de prevenci\u00f3n, diagn\u00f3stico, atenci\u00f3n y seguimiento del VIH\/ITS.<\/p>\n<p>Alrededor de 10 profesionales del Hospital Te\u00f3filo D\u00e1vila, fueron los encargados de brindar dos d\u00edas de capacitaci\u00f3n a profesionales de la salud entre: m\u00e9dicos, psic\u00f3logos, trabajadoras sociales y enfermeras del primer nivel de atenci\u00f3n.<\/p>\n<p>Entre los temas que se abordaron est\u00e1n: Virus de VIH\/SIDA y su epidemiolog\u00eda; flujograma de atenci\u00f3n a PVV y en PreP; algoritmo diagn\u00f3stico VIH; ex\u00e1menes complementarios en el seguimiento de PVV; profilaxis pos\/exposici\u00f3n (PEP); seguimiento y finalizaci\u00f3n del embarazo en VIH; reci\u00e9n nacido y seguimiento en ni\u00f1os con VIH; trastornos digestivos; trastornos metab\u00f3licos y endocrinos en VIH y recomendaciones nutricionales en VIH\/SIDA.<\/p>\n<p>Mishell Zurita Pe\u00f1a, directora asistencial del Hospital Te\u00f3filo D\u00e1vila, inauguro el evento acad\u00e9mico y destac\u00f3 el trabajo que realiza el Ministerio de Salud P\u00fablica y la estrategia nacional de VIH, para dar atenci\u00f3n integral a los Pacientes Viviendo con VIH\/SIDA (PVVS).<\/p>\n<p>\u201cAl momento el Hospital Te\u00f3filo D\u00e1vila atiende 1.670 pacientes con VIH\/SIDA a los cuales se brinda atenci\u00f3n integral, por ello es importante que el personal m\u00e9dico del primer nivel est\u00e9 capacitado para captar los casos y les puedan brindar atenci\u00f3n ambulatoria hasta que sean referidos al segundo nivel de atenci\u00f3n\u201d, dijo Zurita.<\/p>\n","protected":false},"excerpt":{"rendered":"<p>Machala.- La Coordinaci\u00f3n Zonal 7 Salud a trav\u00e9s del Hospital General Te\u00f3filo D\u00e1vila de Machala y la Gesti\u00f3n Interna Zonal de Estrategias de Prevenci\u00f3n y Control para Enfermedades Transmisibles y el Proyecto de Reducci\u00f3n de las Enfermedades Cr\u00f3nico &#8211; Transmisibles de Mayor Impacto en el Ecuador: VIH\/SIDA, ITS, Tuberculosis y Hepatitis Viral B y C, [&hellip;]<\/p>\n","protected":false},"author":2,"featured_media":22150,"comment_status":"open","ping_status":"closed","sticky":false,"template":"","format":"standard","meta":{"_jetpack_memberships_contains_paid_content":false,"footnotes":""},"categories":[13],"tags":[269],"class_list":["post-22149","post","type-post","status-publish","format-standard","has-post-thumbnail","hentry","category-noticias-nacionales","tag-hospital-general-teofilo-davila"],"jetpack_featured_media_url":"https:\/\/radiocresatelital.com\/wp-content\/uploads\/2024\/12\/WhatsApp-Image-2024-12-13-at-15.28.37.jpeg","jetpack_sharing_enabled":true,"_links":{"self":[{"href":"https:\/\/radiocresatelital.com\/index.php?rest_route=\/wp\/v2\/posts\/22149","targetHints":{"allow":["GET"]}}],"collection":[{"href":"https:\/\/radiocresatelital.com\/index.php?rest_route=\/wp\/v2\/posts"}],"about":[{"href":"https:\/\/radiocresatelital.com\/index.php?rest_route=\/wp\/v2\/types\/post"}],"author":[{"embeddable":true,"href":"https:\/\/radiocresatelital.com\/index.php?rest_route=\/wp\/v2\/users\/2"}],"replies":[{"embeddable":true,"href":"https:\/\/radiocresatelital.com\/index.php?rest_route=%2Fwp%2Fv2%2Fcomments&post=22149"}],"version-history":[{"count":1,"href":"https:\/\/radiocresatelital.com\/index.php?rest_route=\/wp\/v2\/posts\/22149\/revisions"}],"predecessor-version":[{"id":22151,"href":"https:\/\/radiocresatelital.com\/index.php?rest_route=\/wp\/v2\/posts\/22149\/revisions\/22151"}],"wp:featuredmedia":[{"embeddable":true,"href":"https:\/\/radiocresatelital.com\/index.php?rest_route=\/wp\/v2\/media\/22150"}],"wp:attachment":[{"href":"https:\/\/radiocresatelital.com\/index.php?rest_route=%2Fwp%2Fv2%2Fmedia&parent=22149"}],"wp:term":[{"taxonomy":"category","embeddable":true,"href":"https:\/\/radiocresatelital.com\/index.php?rest_route=%2Fwp%2Fv2%2Fcategories&post=22149"},{"taxonomy":"post_tag","embeddable":true,"href":"https:\/\/radiocresatelital.com\/index.php?rest_route=%2Fwp%2Fv2%2Ftags&post=22149"}],"curies":[{"name":"wp","href":"https:\/\/api.w.org\/{rel}","templated":true}]}}