{"id":22146,"date":"2024-12-13T20:30:56","date_gmt":"2024-12-13T20:30:56","guid":{"rendered":"https:\/\/radiocresatelital.com\/?p=22146"},"modified":"2024-12-13T20:30:56","modified_gmt":"2024-12-13T20:30:56","slug":"direccion-de-obras-publicas-intervendra-calle-en-bellavista-para-evitar-siniestros-de-transito","status":"publish","type":"post","link":"https:\/\/radiocresatelital.com\/?p=22146","title":{"rendered":"Direcci\u00f3n de Obras P\u00fablicas intervendr\u00e1 calle en Bellavista para evitar siniestros de tr\u00e1nsito"},"content":{"rendered":"<p>Guayaquil.- La Direcci\u00f3n de Obras P\u00fablicas del Municipio de Guayaquil realizar\u00e1 una intervenci\u00f3n emergente, de car\u00e1cter provisional, en la calle Jorge Perrone, que conduce al Mirador de la ciudadela Bellavista, en el norte de la ciudad.<\/p>\n<p>Los trabajos, que se iniciar\u00e1n el pr\u00f3ximo lunes, tienen como objetivo brindar mejores condiciones de seguridad a los conductores.<\/p>\n<p>Un equipo de la Direcci\u00f3n de Obras P\u00fablicas visit\u00f3 el sector y socializ\u00f3 con los moradores el inicio de las labores y el ingreso de la maquinaria municipal.<\/p>\n<p>Una vez que concluya la temporada invernal, la Direcci\u00f3n General de Obras P\u00fablicas coordinar\u00e1 los trabajos definitivos.<\/p>\n<p>La tarde de este jueves 12 de diciembre, en la citada v\u00eda, los veh\u00edculos perdieron el control durante la primera lluvia que cay\u00f3 sobre la ciudad.<\/p>\n<p>Esta situaci\u00f3n se produjo debido a que el pavimento existente en la zona ha sufrido un desgaste por las condiciones clim\u00e1ticas y el tr\u00e1nsito vehicular permanente, generando una falta de fricci\u00f3n entre las llantas y el pavimento.<\/p>\n<p>De esta manera, la Alcald\u00eda de Guayaquil atiende las necesidades de los habitantes de la Ciudad de Todos.<\/p>\n","protected":false},"excerpt":{"rendered":"<p>Guayaquil.- La Direcci\u00f3n de Obras P\u00fablicas del Municipio de Guayaquil realizar\u00e1 una intervenci\u00f3n emergente, de car\u00e1cter provisional, en la calle Jorge Perrone, que conduce al Mirador de la ciudadela Bellavista, en el norte de la ciudad. Los trabajos, que se iniciar\u00e1n el pr\u00f3ximo lunes, tienen como objetivo brindar mejores condiciones de seguridad a los conductores. [&hellip;]<\/p>\n","protected":false},"author":2,"featured_media":22147,"comment_status":"open","ping_status":"closed","sticky":false,"template":"","format":"standard","meta":{"_jetpack_memberships_contains_paid_content":false,"footnotes":""},"categories":[13],"tags":[2133,114],"class_list":["post-22146","post","type-post","status-publish","format-standard","has-post-thumbnail","hentry","category-noticias-nacionales","tag-direccion-de-obras-publicas","tag-municipio-de-guayaquil"],"jetpack_featured_media_url":"https:\/\/radiocresatelital.com\/wp-content\/uploads\/2024\/12\/WhatsApp-Image-2024-12-13-at-14.59.58.jpeg","jetpack_sharing_enabled":true,"_links":{"self":[{"href":"https:\/\/radiocresatelital.com\/index.php?rest_route=\/wp\/v2\/posts\/22146","targetHints":{"allow":["GET"]}}],"collection":[{"href":"https:\/\/radiocresatelital.com\/index.php?rest_route=\/wp\/v2\/posts"}],"about":[{"href":"https:\/\/radiocresatelital.com\/index.php?rest_route=\/wp\/v2\/types\/post"}],"author":[{"embeddable":true,"href":"https:\/\/radiocresatelital.com\/index.php?rest_route=\/wp\/v2\/users\/2"}],"replies":[{"embeddable":true,"href":"https:\/\/radiocresatelital.com\/index.php?rest_route=%2Fwp%2Fv2%2Fcomments&post=22146"}],"version-history":[{"count":1,"href":"https:\/\/radiocresatelital.com\/index.php?rest_route=\/wp\/v2\/posts\/22146\/revisions"}],"predecessor-version":[{"id":22148,"href":"https:\/\/radiocresatelital.com\/index.php?rest_route=\/wp\/v2\/posts\/22146\/revisions\/22148"}],"wp:featuredmedia":[{"embeddable":true,"href":"https:\/\/radiocresatelital.com\/index.php?rest_route=\/wp\/v2\/media\/22147"}],"wp:attachment":[{"href":"https:\/\/radiocresatelital.com\/index.php?rest_route=%2Fwp%2Fv2%2Fmedia&parent=22146"}],"wp:term":[{"taxonomy":"category","embeddable":true,"href":"https:\/\/radiocresatelital.com\/index.php?rest_route=%2Fwp%2Fv2%2Fcategories&post=22146"},{"taxonomy":"post_tag","embeddable":true,"href":"https:\/\/radiocresatelital.com\/index.php?rest_route=%2Fwp%2Fv2%2Ftags&post=22146"}],"curies":[{"name":"wp","href":"https:\/\/api.w.org\/{rel}","templated":true}]}}