{"id":22142,"date":"2024-12-13T19:50:39","date_gmt":"2024-12-13T19:50:39","guid":{"rendered":"https:\/\/radiocresatelital.com\/?p=22142"},"modified":"2024-12-13T19:50:39","modified_gmt":"2024-12-13T19:50:39","slug":"gracias-a-la-articulacion-entre-la-gobernacion-de-el-oro-y-la-senae-se-entregaroninsumos-valorados-en-15-mil-dolares-a-unidades-policiales","status":"publish","type":"post","link":"https:\/\/radiocresatelital.com\/?p=22142","title":{"rendered":"Gracias a la articulaci\u00f3n entre la Gobernaci\u00f3n de El Oro y la SENAE, se entregaroninsumos valorados en 15 mil d\u00f3lares a unidades policiales"},"content":{"rendered":"<p>Machala. &#8211; El Gobernador Fabi\u00e1n Mancheno realiz\u00f3, la tarde del pasado jueves 12 de diciembre, la entrega de mercanc\u00edas adjudicadas gratuitamente a las unidades dela Polic\u00eda Nacional: UNASE, DINASED, GOE y la Unidad de Polic\u00eda Comunitaria de la parroquia Huertas, del cant\u00f3n Zaruma.<\/p>\n<p>Estas mercanc\u00edas fueron otorgadas como parte de la gesti\u00f3n interinstitucional entre la Gobernaci\u00f3n de El Oro y el Servicio Nacional de Aduanas del cant\u00f3n Huaquillas. El valor de la mercader\u00eda entregada asciende a m\u00e1s de 15 mil d\u00f3lares, incluyendo enseres de oficina y llantas, los cuales contribuir\u00e1n a mejorar las condiciones laborales<\/p>\n<p>de los uniformados y optimizar la movilidad de los veh\u00edculos policiales. \u201cCon estas acciones, el Gobierno Nacional busca fortalecer las instituciones que prestan servicios en la provincia. En el Nuevo Ecuador no permitimos que los recursos se queden en bodegas, sino que los entregamos a quienes m\u00e1s los necesitan\u201d, manifest\u00f3 el gobernador Mancheno.<\/p>\n<p>El Gobernador destac\u00f3 que esta entrega fortalecer\u00e1 la gesti\u00f3n de las unidades policiales, sum\u00e1ndose a los esfuerzos del Gobierno Central para potenciar el trabajo de la Polic\u00eda Nacional.<\/p>\n","protected":false},"excerpt":{"rendered":"<p>Machala. &#8211; El Gobernador Fabi\u00e1n Mancheno realiz\u00f3, la tarde del pasado jueves 12 de diciembre, la entrega de mercanc\u00edas adjudicadas gratuitamente a las unidades dela Polic\u00eda Nacional: UNASE, DINASED, GOE y la Unidad de Polic\u00eda Comunitaria de la parroquia Huertas, del cant\u00f3n Zaruma. Estas mercanc\u00edas fueron otorgadas como parte de la gesti\u00f3n interinstitucional entre la [&hellip;]<\/p>\n","protected":false},"author":2,"featured_media":22143,"comment_status":"open","ping_status":"closed","sticky":false,"template":"","format":"standard","meta":{"_jetpack_memberships_contains_paid_content":false,"footnotes":""},"categories":[13],"tags":[3270],"class_list":["post-22142","post","type-post","status-publish","format-standard","has-post-thumbnail","hentry","category-noticias-nacionales","tag-gobernador-fabian-mancheno"],"jetpack_featured_media_url":"https:\/\/radiocresatelital.com\/wp-content\/uploads\/2024\/12\/WhatsApp-Image-2024-12-13-at-14.47.42.jpeg","jetpack_sharing_enabled":true,"_links":{"self":[{"href":"https:\/\/radiocresatelital.com\/index.php?rest_route=\/wp\/v2\/posts\/22142","targetHints":{"allow":["GET"]}}],"collection":[{"href":"https:\/\/radiocresatelital.com\/index.php?rest_route=\/wp\/v2\/posts"}],"about":[{"href":"https:\/\/radiocresatelital.com\/index.php?rest_route=\/wp\/v2\/types\/post"}],"author":[{"embeddable":true,"href":"https:\/\/radiocresatelital.com\/index.php?rest_route=\/wp\/v2\/users\/2"}],"replies":[{"embeddable":true,"href":"https:\/\/radiocresatelital.com\/index.php?rest_route=%2Fwp%2Fv2%2Fcomments&post=22142"}],"version-history":[{"count":1,"href":"https:\/\/radiocresatelital.com\/index.php?rest_route=\/wp\/v2\/posts\/22142\/revisions"}],"predecessor-version":[{"id":22144,"href":"https:\/\/radiocresatelital.com\/index.php?rest_route=\/wp\/v2\/posts\/22142\/revisions\/22144"}],"wp:featuredmedia":[{"embeddable":true,"href":"https:\/\/radiocresatelital.com\/index.php?rest_route=\/wp\/v2\/media\/22143"}],"wp:attachment":[{"href":"https:\/\/radiocresatelital.com\/index.php?rest_route=%2Fwp%2Fv2%2Fmedia&parent=22142"}],"wp:term":[{"taxonomy":"category","embeddable":true,"href":"https:\/\/radiocresatelital.com\/index.php?rest_route=%2Fwp%2Fv2%2Fcategories&post=22142"},{"taxonomy":"post_tag","embeddable":true,"href":"https:\/\/radiocresatelital.com\/index.php?rest_route=%2Fwp%2Fv2%2Ftags&post=22142"}],"curies":[{"name":"wp","href":"https:\/\/api.w.org\/{rel}","templated":true}]}}