{"id":22130,"date":"2024-12-12T20:09:02","date_gmt":"2024-12-12T20:09:02","guid":{"rendered":"https:\/\/radiocresatelital.com\/?p=22130"},"modified":"2024-12-12T23:10:44","modified_gmt":"2024-12-12T23:10:44","slug":"humana-celebra-tres-decadas-de-avances-en-salud-y-bienestar-integral-para-los-ecuatorianos","status":"publish","type":"post","link":"https:\/\/radiocresatelital.com\/?p=22130","title":{"rendered":"Humana celebra tres d\u00e9cadas de avances en salud y bienestar integral para los ecuatorianos"},"content":{"rendered":"<p>Quito.- Humana S.A, l\u00edder en medicina prepagada en el pa\u00eds, celebra un aniversario m\u00e1s marcando un hito en su trayectoria. Con el respaldo de\u00a0 Grupo Conclina, ha trabajado de la mano, para posicionarse como un actor de valor en el \u00e1rea de salud en el Ecuador. Este a\u00f1o con el lanzamiento de su campa\u00f1a corporativa <em>\u201cConsideraci\u00f3n Humana\u201d<\/em>, reafirma su prop\u00f3sito de brindar un servicio integral, emp\u00e1tico y personalizado a sus afiliados.<\/p>\n<p>Con m\u00e1s de 30 a\u00f1os de experiencia en el mercado, Humana se ha consolidado como un referente en el sector de la salud privada, contribuyendo al bienestar de miles de familias ecuatorianas. Seg\u00fan la Asociaci\u00f3n de Cl\u00ednicas y Hospitales Privados, en 2023, el sistema de salud privado atendi\u00f3 a aproximadamente dos millones de personas en Ecuador, lo que representa el 11% de la poblaci\u00f3n nacional. En este contexto, Humana ha sido un pilar fundamental al ofrecer soluciones innovadoras y accesibles para la atenci\u00f3n m\u00e9dica.<\/p>\n<p>\u201cCelebrar 30 a\u00f1os de trayectoria es el reflejo del compromiso y la pasi\u00f3n que nos impulsan a ser un referente en medicina prepagada en Ecuador. En Humana, estamos orgullosos de haber construido una historia basada en la confianza, la innovaci\u00f3n y el cuidado integral de nuestros afiliados. Este aniversario reafirma nuestra esencia y nos motiva a seguir liderando con excelencia, contribuyendo al bienestar de miles de familias\u201d, mencion\u00f3 Pedro Bustamante, Gerente General de Humana S.A.<\/p>\n<p>Este aniversario llega acompa\u00f1ado de un proceso de rebranding que refuerza la identidad corporativa de la compa\u00f1\u00eda. A trav\u00e9s de esta transformaci\u00f3n, Humana busca fortalecer su conexi\u00f3n con los afiliados y promover un modelo de atenci\u00f3n centrado en el bienestar integral.<\/p>\n<p>Dentro de este marco, Humana este 2024 lanz\u00f3 Mi App Humana, una herramienta digital que permite a los usuarios gestionar sus planes de medicina prepagada, consultar coberturas, programar citas, solicitar medicamentos a domicilio y acceder a telemedicina en tiempo real, respondiendo a uno de sus pilares claves enmarcado en innovaci\u00f3n continua.<\/p>\n<p>Al celebrar este aniversario, Humana reafirma su visi\u00f3n de liderar el sector medicina prepagada privada en Ecuador mediante un enfoque innovador, inclusivo y centrado en el bienestar integral. Con el objetivo de garantizar la accesibilidad y calidad en todos sus servicios de cobertura m\u00e9dica.<\/p>\n","protected":false},"excerpt":{"rendered":"<p>Quito.- Humana S.A, l\u00edder en medicina prepagada en el pa\u00eds, celebra un aniversario m\u00e1s marcando un hito en su trayectoria. Con el respaldo de\u00a0 Grupo Conclina, ha trabajado de la mano, para posicionarse como un actor de valor en el \u00e1rea de salud en el Ecuador. Este a\u00f1o con el lanzamiento de su campa\u00f1a corporativa [&hellip;]<\/p>\n","protected":false},"author":2,"featured_media":22131,"comment_status":"open","ping_status":"closed","sticky":false,"template":"","format":"standard","meta":{"_jetpack_memberships_contains_paid_content":false,"footnotes":""},"categories":[13],"tags":[1757],"class_list":["post-22130","post","type-post","status-publish","format-standard","has-post-thumbnail","hentry","category-noticias-nacionales","tag-humana-s-a"],"jetpack_featured_media_url":"https:\/\/radiocresatelital.com\/wp-content\/uploads\/2024\/12\/WhatsApp-Image-2024-12-12-at-15.55.27.jpeg","jetpack_sharing_enabled":true,"_links":{"self":[{"href":"https:\/\/radiocresatelital.com\/index.php?rest_route=\/wp\/v2\/posts\/22130","targetHints":{"allow":["GET"]}}],"collection":[{"href":"https:\/\/radiocresatelital.com\/index.php?rest_route=\/wp\/v2\/posts"}],"about":[{"href":"https:\/\/radiocresatelital.com\/index.php?rest_route=\/wp\/v2\/types\/post"}],"author":[{"embeddable":true,"href":"https:\/\/radiocresatelital.com\/index.php?rest_route=\/wp\/v2\/users\/2"}],"replies":[{"embeddable":true,"href":"https:\/\/radiocresatelital.com\/index.php?rest_route=%2Fwp%2Fv2%2Fcomments&post=22130"}],"version-history":[{"count":1,"href":"https:\/\/radiocresatelital.com\/index.php?rest_route=\/wp\/v2\/posts\/22130\/revisions"}],"predecessor-version":[{"id":22132,"href":"https:\/\/radiocresatelital.com\/index.php?rest_route=\/wp\/v2\/posts\/22130\/revisions\/22132"}],"wp:featuredmedia":[{"embeddable":true,"href":"https:\/\/radiocresatelital.com\/index.php?rest_route=\/wp\/v2\/media\/22131"}],"wp:attachment":[{"href":"https:\/\/radiocresatelital.com\/index.php?rest_route=%2Fwp%2Fv2%2Fmedia&parent=22130"}],"wp:term":[{"taxonomy":"category","embeddable":true,"href":"https:\/\/radiocresatelital.com\/index.php?rest_route=%2Fwp%2Fv2%2Fcategories&post=22130"},{"taxonomy":"post_tag","embeddable":true,"href":"https:\/\/radiocresatelital.com\/index.php?rest_route=%2Fwp%2Fv2%2Ftags&post=22130"}],"curies":[{"name":"wp","href":"https:\/\/api.w.org\/{rel}","templated":true}]}}