{"id":22108,"date":"2024-12-12T21:34:57","date_gmt":"2024-12-12T21:34:57","guid":{"rendered":"https:\/\/radiocresatelital.com\/?p=22108"},"modified":"2024-12-12T21:35:26","modified_gmt":"2024-12-12T21:35:26","slug":"hcam-rehabilito-area-de-hospitalizacion-pediatrica","status":"publish","type":"post","link":"https:\/\/radiocresatelital.com\/?p=22108","title":{"rendered":"HCAM rehabilit\u00f3 \u00e1rea de Hospitalizaci\u00f3n Pedi\u00e1trica"},"content":{"rendered":"<div>Quito.- El \u00e1rea de Hospitalizaci\u00f3n Pedi\u00e1trica del Hospital de Especialidades Carlos Andrade Mar\u00edn (HCAM), en la que se atienden a m\u00e1s de 51 mil infantes, fue rehabilitada integralmente para ofrecer un ambiente m\u00e1s seguro, c\u00f3modo y moderno para los peque\u00f1os pacientes y sus familias.<\/p>\n<\/div>\n<div>El \u00e1rea total de hospitalizaci\u00f3n de Pediatr\u00eda es de 686 m2, cuenta con Hospital del D\u00eda, Aula Hospitalaria y 14 habitaciones.\u00a0 Este proyecto, que tuvo como objetivo mejorar las condiciones de infraestructura del Hospital, incluy\u00f3 el cambio total de pisos y techos, trabajos de pintura, as\u00ed como el mantenimiento de puertas y ba\u00f1os.<\/p>\n<\/div>\n<div>Las modificaciones se realizaron con el prop\u00f3sito de crear un entorno adecuado para la atenci\u00f3n de la salud infantil, contribuyendo a una estancia m\u00e1s agradable y funcional para los menores internados.<\/div>\n<div>El evento cont\u00f3 con la presencia de Eduardo Pe\u00f1a Hurtado, presidente del Consejo Directivo del Instituto Ecuatoriano de Seguridad Social, IESS, Marco Salazar, director provincial de Pichincha, Maribel L\u00f3pez, gerente general del HCAM, y otras autoridades.<\/p>\n<\/div>\n<div>En su intervenci\u00f3n, Eduardo Pe\u00f1a Hurtado, resalt\u00f3 el liderazgo de las autoridades de esta unidad m\u00e9dica para conseguir este tipo de logros. \u00abNosotros hacemos muchas cosas buenas, me emociona ver c\u00f3mo operan ustedes, siento que tienen un superpoder y hacen las cosas bien\u00bb, dijo.<\/div>\n<div><\/div>\n<div>Maribel L\u00f3pez, gerente general del HCAM, destac\u00f3 que se rehabilit\u00f3 el \u00e1rea en la que se atienden a m\u00e1s de 50 mil pacientes a escala nacional. \u00abEs como un peque\u00f1o hospital pedi\u00e1trico\u00bb.<\/p>\n<\/div>\n<div>Agradeci\u00f3 a las autoridades por el respaldo e impulso brindado para que esta obra sea una realidad. \u00abGracias a este apoyo incondicional hemos logrado hacer grandes cambios, juntos avanzamos, juntos crecemos\u00bb, asegur\u00f3.<\/p>\n<\/div>\n<div>Gabriela Cortez, jefa de Pediatr\u00eda del HCAM, inform\u00f3 que el a\u00f1o pasado atendieron a 53 mil pacientes y en lo que va de 2024 a 51 mil; y la proyecci\u00f3n es 5 mil pacientes m\u00e1s antes de terminar el a\u00f1o.<\/p>\n<\/div>\n<div>\u00abLa atenci\u00f3n infantil debe ser la mejor. Los ni\u00f1os no son el futuro son el presente y por eso les pido que piensen en la necesidad de contar con un Hospital Pedi\u00e1trico del IESS\u00bb, se\u00f1al\u00f3.<\/div>\n","protected":false},"excerpt":{"rendered":"<p>Quito.- El \u00e1rea de Hospitalizaci\u00f3n Pedi\u00e1trica del Hospital de Especialidades Carlos Andrade Mar\u00edn (HCAM), en la que se atienden a m\u00e1s de 51 mil infantes, fue rehabilitada integralmente para ofrecer un ambiente m\u00e1s seguro, c\u00f3modo y moderno para los peque\u00f1os pacientes y sus familias. El \u00e1rea total de hospitalizaci\u00f3n de Pediatr\u00eda es de 686 m2, [&hellip;]<\/p>\n","protected":false},"author":2,"featured_media":22109,"comment_status":"open","ping_status":"closed","sticky":false,"template":"","format":"standard","meta":{"_jetpack_memberships_contains_paid_content":false,"footnotes":""},"categories":[13],"tags":[3495],"class_list":["post-22108","post","type-post","status-publish","format-standard","has-post-thumbnail","hentry","category-noticias-nacionales","tag-hospital-de-especialidades-carlos-andrade-marin"],"jetpack_featured_media_url":"https:\/\/radiocresatelital.com\/wp-content\/uploads\/2024\/12\/WhatsApp-Image-2024-12-12-at-16.30.51.jpeg","jetpack_sharing_enabled":true,"_links":{"self":[{"href":"https:\/\/radiocresatelital.com\/index.php?rest_route=\/wp\/v2\/posts\/22108","targetHints":{"allow":["GET"]}}],"collection":[{"href":"https:\/\/radiocresatelital.com\/index.php?rest_route=\/wp\/v2\/posts"}],"about":[{"href":"https:\/\/radiocresatelital.com\/index.php?rest_route=\/wp\/v2\/types\/post"}],"author":[{"embeddable":true,"href":"https:\/\/radiocresatelital.com\/index.php?rest_route=\/wp\/v2\/users\/2"}],"replies":[{"embeddable":true,"href":"https:\/\/radiocresatelital.com\/index.php?rest_route=%2Fwp%2Fv2%2Fcomments&post=22108"}],"version-history":[{"count":2,"href":"https:\/\/radiocresatelital.com\/index.php?rest_route=\/wp\/v2\/posts\/22108\/revisions"}],"predecessor-version":[{"id":22111,"href":"https:\/\/radiocresatelital.com\/index.php?rest_route=\/wp\/v2\/posts\/22108\/revisions\/22111"}],"wp:featuredmedia":[{"embeddable":true,"href":"https:\/\/radiocresatelital.com\/index.php?rest_route=\/wp\/v2\/media\/22109"}],"wp:attachment":[{"href":"https:\/\/radiocresatelital.com\/index.php?rest_route=%2Fwp%2Fv2%2Fmedia&parent=22108"}],"wp:term":[{"taxonomy":"category","embeddable":true,"href":"https:\/\/radiocresatelital.com\/index.php?rest_route=%2Fwp%2Fv2%2Fcategories&post=22108"},{"taxonomy":"post_tag","embeddable":true,"href":"https:\/\/radiocresatelital.com\/index.php?rest_route=%2Fwp%2Fv2%2Ftags&post=22108"}],"curies":[{"name":"wp","href":"https:\/\/api.w.org\/{rel}","templated":true}]}}