{"id":22098,"date":"2024-12-12T21:19:26","date_gmt":"2024-12-12T21:19:26","guid":{"rendered":"https:\/\/radiocresatelital.com\/?p=22098"},"modified":"2024-12-12T21:19:35","modified_gmt":"2024-12-12T21:19:35","slug":"otavalo-celebra-la-inauguracion-de-la-unidad-educativa-atahualpa","status":"publish","type":"post","link":"https:\/\/radiocresatelital.com\/?p=22098","title":{"rendered":"Otavalo celebra la inauguraci\u00f3n de la Unidad Educativa Atahualpa"},"content":{"rendered":"<p>Otavalo.-\u00a0Con gran entusiasmo, la comunidad de Otavalo celebr\u00f3 la inauguraci\u00f3n de la Unidad Educativa Comunitaria Intercultural Biling\u00fce \u201cAtahualpa\u201d. Esta moderna instituci\u00f3n, que estuvo en abandonada por varios a\u00f1os, finalmente abre sus puertas a m\u00e1s de 2.280 estudiantes, brind\u00e1ndoles un espacio de aprendizaje digno y equipado con tecnolog\u00eda de punta.<\/p>\n<p>La viceministra de Gesti\u00f3n Educativa, Johana Haro, destac\u00f3 que esta obra representa un hito en la educaci\u00f3n ecuatoriana y un compromiso del Gobierno con el bienestar de los estudiantes. \u201cEsta escuela es una inversi\u00f3n en el futuro de nuestros j\u00f3venes\u201d, afirm\u00f3.<\/p>\n<p>Ana Luc\u00eda P\u00e9rez, madre de familia, expres\u00f3 su alegr\u00eda al ver concretado este sue\u00f1o: \u00abNuestros hijos merecen lo mejor, y esta escuela es un regalo para ellos y para toda la comunidad\u00bb. Por su parte, Coya Sisa Aguilar, estudiante de Bachillerato, comparti\u00f3 su emoci\u00f3n y compromiso de aprovechar al m\u00e1ximo esta nueva oportunidad.<\/p>\n<p>La Unidad Educativa Atahualpa, que cont\u00f3 con una inversi\u00f3n de $3.7 millones, cuenta con bloque de aulas, laboratorios, biblioteca, canchas deportivas y amplios espacios verdes. Su dise\u00f1o arquitect\u00f3nico se inspira en la cultura local, creando un ambiente acogedor y propicio para el aprendizaje.<\/p>\n<p>Con esta inauguraci\u00f3n, el Gobierno Nacional reafirma su compromiso de mejorar la calidad educativa en todo el pa\u00eds y de brindar a los estudiantes las herramientas necesarias para alcanzar sus metas.<\/p>\n","protected":false},"excerpt":{"rendered":"<p>Otavalo.-\u00a0Con gran entusiasmo, la comunidad de Otavalo celebr\u00f3 la inauguraci\u00f3n de la Unidad Educativa Comunitaria Intercultural Biling\u00fce \u201cAtahualpa\u201d. Esta moderna instituci\u00f3n, que estuvo en abandonada por varios a\u00f1os, finalmente abre sus puertas a m\u00e1s de 2.280 estudiantes, brind\u00e1ndoles un espacio de aprendizaje digno y equipado con tecnolog\u00eda de punta. La viceministra de Gesti\u00f3n Educativa, Johana [&hellip;]<\/p>\n","protected":false},"author":2,"featured_media":22099,"comment_status":"open","ping_status":"closed","sticky":false,"template":"","format":"standard","meta":{"_jetpack_memberships_contains_paid_content":false,"footnotes":""},"categories":[13],"tags":[3493],"class_list":["post-22098","post","type-post","status-publish","format-standard","has-post-thumbnail","hentry","category-noticias-nacionales","tag-unidad-educativa-comunitaria-intercultural-bilingue-atahualpa"],"jetpack_featured_media_url":"https:\/\/radiocresatelital.com\/wp-content\/uploads\/2024\/12\/ue-atahualpa-6.jpg","jetpack_sharing_enabled":true,"_links":{"self":[{"href":"https:\/\/radiocresatelital.com\/index.php?rest_route=\/wp\/v2\/posts\/22098","targetHints":{"allow":["GET"]}}],"collection":[{"href":"https:\/\/radiocresatelital.com\/index.php?rest_route=\/wp\/v2\/posts"}],"about":[{"href":"https:\/\/radiocresatelital.com\/index.php?rest_route=\/wp\/v2\/types\/post"}],"author":[{"embeddable":true,"href":"https:\/\/radiocresatelital.com\/index.php?rest_route=\/wp\/v2\/users\/2"}],"replies":[{"embeddable":true,"href":"https:\/\/radiocresatelital.com\/index.php?rest_route=%2Fwp%2Fv2%2Fcomments&post=22098"}],"version-history":[{"count":2,"href":"https:\/\/radiocresatelital.com\/index.php?rest_route=\/wp\/v2\/posts\/22098\/revisions"}],"predecessor-version":[{"id":22101,"href":"https:\/\/radiocresatelital.com\/index.php?rest_route=\/wp\/v2\/posts\/22098\/revisions\/22101"}],"wp:featuredmedia":[{"embeddable":true,"href":"https:\/\/radiocresatelital.com\/index.php?rest_route=\/wp\/v2\/media\/22099"}],"wp:attachment":[{"href":"https:\/\/radiocresatelital.com\/index.php?rest_route=%2Fwp%2Fv2%2Fmedia&parent=22098"}],"wp:term":[{"taxonomy":"category","embeddable":true,"href":"https:\/\/radiocresatelital.com\/index.php?rest_route=%2Fwp%2Fv2%2Fcategories&post=22098"},{"taxonomy":"post_tag","embeddable":true,"href":"https:\/\/radiocresatelital.com\/index.php?rest_route=%2Fwp%2Fv2%2Ftags&post=22098"}],"curies":[{"name":"wp","href":"https:\/\/api.w.org\/{rel}","templated":true}]}}