{"id":22091,"date":"2024-12-12T18:11:45","date_gmt":"2024-12-12T18:11:45","guid":{"rendered":"https:\/\/radiocresatelital.com\/?p=22091"},"modified":"2024-12-12T21:13:16","modified_gmt":"2024-12-12T21:13:16","slug":"como-ahorrar-energia-en-casa-en-tiempos-de-crisis-energetica-conoce-la-tecnologia-inverter-2","status":"publish","type":"post","link":"https:\/\/radiocresatelital.com\/?p=22091","title":{"rendered":"\u00bfC\u00f3mo ahorrar energ\u00eda en casa en tiempos de crisis energ\u00e9tica?  Conoce la tecnolog\u00eda inverter"},"content":{"rendered":"<p>Quito.- \u00a0En Ecuador, la crisis energ\u00e9tica y los patrones de consumo han \u00a0llevado a varios cambios en el uso de electricidad en los hogares. En respuesta a la sequ\u00eda y los apagones, se han implementado medidas de alivio para reducir el impacto en los hogares, como la gratuidad en planillas el\u00e9ctricas para consumos de hasta 180 kWh durante los meses de diciembre 2024 a febrero 2025, lo que beneficiar\u00e1 a las familias con menor consumo y ayudar\u00e1 a reducir el gasto energ\u00e9tico a nivel nacional.<\/p>\n<p>Las familias est\u00e1n implementando diversas pr\u00e1cticas para reducir su consumo de electricidad. Estas incluyen el uso moderado de electrodom\u00e9sticos, mayor aprovechamiento de la luz natural durante el d\u00eda, y el reemplazo de equipos por modelos de bajo consumo, como bombillas LED. Adem\u00e1s, muchas personas est\u00e1n desconectando dispositivos cuando no est\u00e1n en uso y limitando el uso de agua caliente. Estas medidas no solo buscan reducir los costos de las facturas, sino tambi\u00e9n adaptarse a la inestabilidad del suministro el\u00e9ctrico<\/p>\n<p>Para contribuir a esta necesidad, Indurama, marca ecuatoriana comprometida con la sostenibilidad y el desarrollo local, impulsa su l\u00ednea de electrodom\u00e9sticos con tecnolog\u00eda inverter de \u00faltima generaci\u00f3n. Desde hace varios a\u00f1os, Indurama ha trabajado en el desarrollo de tecnolog\u00edas que reducen el impacto ambiental, optimizando el consumo energ\u00e9tico de sus productos. Esta tecnolog\u00eda permite un ahorro significativo en el consumo de electricidad al ajustar el funcionamiento del motor de manera m\u00e1s eficiente, lo cual se alinea con la realidad actual y ayuda a las familias a afrontar los desaf\u00edos de la crisis energ\u00e9tica.<\/p>\n<p>\u201cEn Indurama creemos que todo lo bueno empieza en casa, por eso nos esforzamos en desarrollar tecnolog\u00edas que permitan a las familias ecuatorianas vivir de forma m\u00e1s sostenible. Con nuestra l\u00ednea de electrodom\u00e9sticos con tecnolog\u00eda inverter, ofrecemos soluciones que no solo ahorran energ\u00eda, sino que tambi\u00e9n cuidan el entorno y mejoran el bienestar de cada hogar\u201d, expres\u00f3 Fabi\u00e1n Carvallo, Gerente General de Indurama.<\/p>\n<p>La tecnolog\u00eda inverter, incorporada en lavadoras, refrigeradores y aires acondicionados, ajusta el funcionamiento de los motores de manera continua, adapt\u00e1ndose a la demanda exacta de cada equipo y manteniendo un rendimiento \u00f3ptimo y estable. A diferencia de los electrodom\u00e9sticos convencionales, que operan con ciclos de encendido y apagado, los compresores y motores inverter optimizan el uso de electricidad al regular la potencia en funci\u00f3n de las necesidades del momento, ofreciendo hasta un 30% de ahorro energ\u00e9tico en refrigeradores y aires acondicionados.<\/p>\n<p><strong>Electrodom\u00e9sticos para un consumo eficiente y responsable<\/strong><\/p>\n<p>Las lavadoras inverter est\u00e1n equipadas con motores de alta eficiencia, estas lavadoras pueden reducir el consumo energ\u00e9tico hasta en un 35%, ofreciendo ciclos de lavado adaptados al volumen de ropa y tipo de tela. Esto no solo representa un ahorro econ\u00f3mico, sino tambi\u00e9n una opci\u00f3n m\u00e1s amigable con el ambiente.<\/p>\n<p>De igual manera, los refrigeradores con esta tecnolog\u00eda mantienen una temperatura constante, lo cual optimiza el consumo el\u00e9ctrico y mejora la conservaci\u00f3n de alimentos. Adem\u00e1s, su clasificaci\u00f3n energ\u00e9tica A+++ los convierte en una elecci\u00f3n ecol\u00f3gica que cuida de la econom\u00eda y del planeta.<\/p>\n<p>Ideales para zonas c\u00e1lidas, los aires acondicionados son equipos que alcanzan la temperatura deseada de forma r\u00e1pida y la mantienen estable, generando un ahorro de energ\u00eda de hasta un 30%. Con esta tecnolog\u00eda, se evita el sobreesfuerzo en el funcionamiento, lo que extiende su vida \u00fatil y reduce el consumo.<\/p>\n<p>Las familias que adoptan estos equipos pueden ver una disminuci\u00f3n anual en la factura de electricidad de entre el 10% y el 25%, contribuyendo al mismo tiempo a la sostenibilidad y al ahorro de recursos en el pa\u00eds.<\/p>\n","protected":false},"excerpt":{"rendered":"<p>Quito.- \u00a0En Ecuador, la crisis energ\u00e9tica y los patrones de consumo han \u00a0llevado a varios cambios en el uso de electricidad en los hogares. En respuesta a la sequ\u00eda y los apagones, se han implementado medidas de alivio para reducir el impacto en los hogares, como la gratuidad en planillas el\u00e9ctricas para consumos de hasta [&hellip;]<\/p>\n","protected":false},"author":2,"featured_media":22093,"comment_status":"open","ping_status":"closed","sticky":false,"template":"","format":"standard","meta":{"_jetpack_memberships_contains_paid_content":false,"footnotes":""},"categories":[13],"tags":[1652],"class_list":["post-22091","post","type-post","status-publish","format-standard","has-post-thumbnail","hentry","category-noticias-nacionales","tag-crisis-energetica"],"jetpack_featured_media_url":"https:\/\/radiocresatelital.com\/wp-content\/uploads\/2024\/12\/WhatsApp-Image-2024-12-12-at-09.29.11.jpeg","jetpack_sharing_enabled":true,"_links":{"self":[{"href":"https:\/\/radiocresatelital.com\/index.php?rest_route=\/wp\/v2\/posts\/22091","targetHints":{"allow":["GET"]}}],"collection":[{"href":"https:\/\/radiocresatelital.com\/index.php?rest_route=\/wp\/v2\/posts"}],"about":[{"href":"https:\/\/radiocresatelital.com\/index.php?rest_route=\/wp\/v2\/types\/post"}],"author":[{"embeddable":true,"href":"https:\/\/radiocresatelital.com\/index.php?rest_route=\/wp\/v2\/users\/2"}],"replies":[{"embeddable":true,"href":"https:\/\/radiocresatelital.com\/index.php?rest_route=%2Fwp%2Fv2%2Fcomments&post=22091"}],"version-history":[{"count":1,"href":"https:\/\/radiocresatelital.com\/index.php?rest_route=\/wp\/v2\/posts\/22091\/revisions"}],"predecessor-version":[{"id":22094,"href":"https:\/\/radiocresatelital.com\/index.php?rest_route=\/wp\/v2\/posts\/22091\/revisions\/22094"}],"wp:featuredmedia":[{"embeddable":true,"href":"https:\/\/radiocresatelital.com\/index.php?rest_route=\/wp\/v2\/media\/22093"}],"wp:attachment":[{"href":"https:\/\/radiocresatelital.com\/index.php?rest_route=%2Fwp%2Fv2%2Fmedia&parent=22091"}],"wp:term":[{"taxonomy":"category","embeddable":true,"href":"https:\/\/radiocresatelital.com\/index.php?rest_route=%2Fwp%2Fv2%2Fcategories&post=22091"},{"taxonomy":"post_tag","embeddable":true,"href":"https:\/\/radiocresatelital.com\/index.php?rest_route=%2Fwp%2Fv2%2Ftags&post=22091"}],"curies":[{"name":"wp","href":"https:\/\/api.w.org\/{rel}","templated":true}]}}