{"id":22085,"date":"2024-12-12T20:28:37","date_gmt":"2024-12-12T20:28:37","guid":{"rendered":"https:\/\/radiocresatelital.com\/?p=22085"},"modified":"2024-12-12T20:28:37","modified_gmt":"2024-12-12T20:28:37","slug":"actualizacion-del-cronograma-escolar-2024-2025","status":"publish","type":"post","link":"https:\/\/radiocresatelital.com\/?p=22085","title":{"rendered":"Actualizaci\u00f3n del cronograma escolar 2024-2025"},"content":{"rendered":"<p>Quito.-\u00a0El Ministerio de Educaci\u00f3n informa a la comunidad educativa sobre la actualizaci\u00f3n del calendario escolar 2024-2025. En virtud del reciente Decreto Ejecutivo N.\u00ba 474, que declara feriado nacional los d\u00edas 2 y 3 de enero de 2025, se han realizado reajustes para asegurar el cumplimiento de los 200 d\u00edas laborables establecidos por ley.<\/p>\n<p>Este cronograma se organiza en tres per\u00edodos acad\u00e9micos, incorporando los feriados nacionales y d\u00edas de descanso obligatorios para los docentes.<\/p>\n<p>As\u00ed, en la regi\u00f3n Costa-Gal\u00e1pagos, el ciclo lectivo culminar\u00e1 el 28 de febrero de 2025, mientras que en la regi\u00f3n Sierra-Amazon\u00eda finalizar\u00e1 el 1 de julio de 2025.<\/p>\n<p>En cuanto a las vacaciones de Navidad y A\u00f1o Nuevo, los estudiantes de todas las instituciones educativas fiscales disfrutar\u00e1n de 12 d\u00edas de vacaciones, desde el 25 de diciembre de 2024 hasta el 5 de enero de 2025.<\/p>\n<p>Por su parte, las instituciones educativas fiscomisionales, municipales y particulares podr\u00e1n ajustar sus propios calendarios escolares o acogerse a lo establecido a los fiscales.<\/p>\n<p>Con esta actualizaci\u00f3n, el Ministerio de Educaci\u00f3n busca garantizar el cumplimiento del calendario escolar, respetando los feriados nacionales y asegurando el bienestar de toda la comunidad educativa.<\/p>\n","protected":false},"excerpt":{"rendered":"<p>Quito.-\u00a0El Ministerio de Educaci\u00f3n informa a la comunidad educativa sobre la actualizaci\u00f3n del calendario escolar 2024-2025. En virtud del reciente Decreto Ejecutivo N.\u00ba 474, que declara feriado nacional los d\u00edas 2 y 3 de enero de 2025, se han realizado reajustes para asegurar el cumplimiento de los 200 d\u00edas laborables establecidos por ley. Este cronograma [&hellip;]<\/p>\n","protected":false},"author":2,"featured_media":22086,"comment_status":"open","ping_status":"closed","sticky":false,"template":"","format":"standard","meta":{"_jetpack_memberships_contains_paid_content":false,"footnotes":""},"categories":[13],"tags":[444],"class_list":["post-22085","post","type-post","status-publish","format-standard","has-post-thumbnail","hentry","category-noticias-nacionales","tag-ministerio-de-educacion"],"jetpack_featured_media_url":"https:\/\/radiocresatelital.com\/wp-content\/uploads\/2024\/12\/acacias-4.png","jetpack_sharing_enabled":true,"_links":{"self":[{"href":"https:\/\/radiocresatelital.com\/index.php?rest_route=\/wp\/v2\/posts\/22085","targetHints":{"allow":["GET"]}}],"collection":[{"href":"https:\/\/radiocresatelital.com\/index.php?rest_route=\/wp\/v2\/posts"}],"about":[{"href":"https:\/\/radiocresatelital.com\/index.php?rest_route=\/wp\/v2\/types\/post"}],"author":[{"embeddable":true,"href":"https:\/\/radiocresatelital.com\/index.php?rest_route=\/wp\/v2\/users\/2"}],"replies":[{"embeddable":true,"href":"https:\/\/radiocresatelital.com\/index.php?rest_route=%2Fwp%2Fv2%2Fcomments&post=22085"}],"version-history":[{"count":1,"href":"https:\/\/radiocresatelital.com\/index.php?rest_route=\/wp\/v2\/posts\/22085\/revisions"}],"predecessor-version":[{"id":22087,"href":"https:\/\/radiocresatelital.com\/index.php?rest_route=\/wp\/v2\/posts\/22085\/revisions\/22087"}],"wp:featuredmedia":[{"embeddable":true,"href":"https:\/\/radiocresatelital.com\/index.php?rest_route=\/wp\/v2\/media\/22086"}],"wp:attachment":[{"href":"https:\/\/radiocresatelital.com\/index.php?rest_route=%2Fwp%2Fv2%2Fmedia&parent=22085"}],"wp:term":[{"taxonomy":"category","embeddable":true,"href":"https:\/\/radiocresatelital.com\/index.php?rest_route=%2Fwp%2Fv2%2Fcategories&post=22085"},{"taxonomy":"post_tag","embeddable":true,"href":"https:\/\/radiocresatelital.com\/index.php?rest_route=%2Fwp%2Fv2%2Ftags&post=22085"}],"curies":[{"name":"wp","href":"https:\/\/api.w.org\/{rel}","templated":true}]}}