{"id":22082,"date":"2024-12-12T20:20:47","date_gmt":"2024-12-12T20:20:47","guid":{"rendered":"https:\/\/radiocresatelital.com\/?p=22082"},"modified":"2024-12-12T20:20:47","modified_gmt":"2024-12-12T20:20:47","slug":"emapag-ep-recibio-tres-reconocimientos-por-su-compromiso-con-la-sostenibilidad-y-la-innovacion-en-guayaquil","status":"publish","type":"post","link":"https:\/\/radiocresatelital.com\/?p=22082","title":{"rendered":"EMAPAG EP recibi\u00f3 tres reconocimientos por su compromiso con la sostenibilidad y la innovaci\u00f3n en Guayaquil"},"content":{"rendered":"<p>Guayaquil.- En 2024, la Empresa Municipal de Agua Potable y Alcantarillado de Guayaquil (EMAPAG EP) ha sido reconocida con tres importantes premios que destacan su compromiso con la sostenibilidad, la innovaci\u00f3n y la conservaci\u00f3n del agua. Estos galardones reflejan el trabajo constante de la instituci\u00f3n,<br \/>\nalineado con la visi\u00f3n y los objetivos de la actual administraci\u00f3n municipal, liderada por el alcalde<br \/>\nAquiles Alvarez.<\/p>\n<p>El primero de estos galardones fue otorgado por la Empresa P\u00fablica Metropolitana de Agua Potable y<br \/>\nSaneamiento de Quito (EPMAPS), que distingui\u00f3 a EMAPAG EP con el premio \u201cEst\u00e1 en tus Manos\u201d en la<br \/>\ncategor\u00eda de Buenas Pr\u00e1cticas. Este premio resalta la eficiente gesti\u00f3n del tratamiento de aguas<br \/>\nresiduales, especialmente el proyecto Saneamiento Global de la Ciudad de Guayaquil \u2013 Planta de<br \/>\nTratamiento de Aguas Residuales Las Esclusas, que tiene un impacto significativo en la mejora de la<br \/>\ncalidad del agua en la ciudad. La obra, alineada con el Objetivo de Desarrollo Sostenible 6 de la ONU,<br \/>\ncontribuye al acceso al agua segura y saneamiento para todos hacia 2030.<\/p>\n<p>La planta Las Esclusas, ubicada en un terreno de 24 hect\u00e1reas, ha sido dise\u00f1ada con rigurosos<br \/>\nest\u00e1ndares ambientales para asegurar que las aguas tratadas sean descargadas al r\u00edo Guayas<br \/>\ncumpliendo con las normativas vigentes.<\/p>\n<p>El segundo reconocimiento fue otorgado por la corporaci\u00f3n L\u00edderes para Gobernar, que premi\u00f3 a<br \/>\nEMAPAG EP en la categor\u00eda \u201cConservaci\u00f3n de Recursos H\u00eddricos\u201d por el establecimiento del Fondo de<br \/>\nAgua de Guayaquil (Fondagua). Este modelo innovador para la conservaci\u00f3n a largo plazo de la<br \/>\ncuenca del r\u00edo Daule involucra a actores p\u00fablicos y privados para preservar este valioso recurso h\u00eddrico,<br \/>\nbeneficiando a m\u00e1s de 4 millones de personas en la provincia del Guayas y sus alrededores.<\/p>\n<p>Finalmente, EMAPAG EP fue galardonada en el Primer Congreso Ecuatoriano de Tecnolog\u00eda Sin Zanja,<br \/>\nrealizado en noviembre en Quito, por su implementaci\u00f3n de tecnolog\u00edas avanzadas en la<br \/>\nrehabilitaci\u00f3n de infraestructuras sin necesidad de abrir zanjas. T\u00e9cnicas como \u201cCured in Place Pipe\u201d,<br \/>\n\u201cPipe Bursting\u201d y \u201cSliplining\u201d se aplicaron en el sector La Chala, en el Suburbio Oeste de Guayaquil,<br \/>\ndonde 325,000 habitantes se beneficiaron con la mejora del sistema de alcantarillado sanitario.<\/p>\n<p>Las tecnolog\u00edas sin zanja eliminan los inconvenientes de los m\u00e9todos tradicionales, ya que las calles<br \/>\npermanecen abiertas al tr\u00e1nsito, no se genera contaminaci\u00f3n y no se interrumpen las actividades<br \/>\ncotidianas ni econ\u00f3micas de la comunidad. Gracias a estos avances, la Municipalidad de Guayaquil,<br \/>\nbajo la direcci\u00f3n del alcalde Aquiles \u00c1lvarez, se consolida como un referente nacional en la gesti\u00f3n<br \/>\nresponsable del agua y la protecci\u00f3n del medio ambiente, trabajando hacia un futuro m\u00e1s limpio y<br \/>\nsaludable para todos.<\/p>\n","protected":false},"excerpt":{"rendered":"<p>Guayaquil.- En 2024, la Empresa Municipal de Agua Potable y Alcantarillado de Guayaquil (EMAPAG EP) ha sido reconocida con tres importantes premios que destacan su compromiso con la sostenibilidad, la innovaci\u00f3n y la conservaci\u00f3n del agua. Estos galardones reflejan el trabajo constante de la instituci\u00f3n, alineado con la visi\u00f3n y los objetivos de la actual [&hellip;]<\/p>\n","protected":false},"author":2,"featured_media":22083,"comment_status":"open","ping_status":"closed","sticky":false,"template":"","format":"standard","meta":{"_jetpack_memberships_contains_paid_content":false,"footnotes":""},"categories":[13],"tags":[3490],"class_list":["post-22082","post","type-post","status-publish","format-standard","has-post-thumbnail","hentry","category-noticias-nacionales","tag-empresa-municipal-de-agua-potable-y-alcantarillado-de-guayaquil"],"jetpack_featured_media_url":"https:\/\/radiocresatelital.com\/wp-content\/uploads\/2024\/12\/emapag.png","jetpack_sharing_enabled":true,"_links":{"self":[{"href":"https:\/\/radiocresatelital.com\/index.php?rest_route=\/wp\/v2\/posts\/22082","targetHints":{"allow":["GET"]}}],"collection":[{"href":"https:\/\/radiocresatelital.com\/index.php?rest_route=\/wp\/v2\/posts"}],"about":[{"href":"https:\/\/radiocresatelital.com\/index.php?rest_route=\/wp\/v2\/types\/post"}],"author":[{"embeddable":true,"href":"https:\/\/radiocresatelital.com\/index.php?rest_route=\/wp\/v2\/users\/2"}],"replies":[{"embeddable":true,"href":"https:\/\/radiocresatelital.com\/index.php?rest_route=%2Fwp%2Fv2%2Fcomments&post=22082"}],"version-history":[{"count":1,"href":"https:\/\/radiocresatelital.com\/index.php?rest_route=\/wp\/v2\/posts\/22082\/revisions"}],"predecessor-version":[{"id":22084,"href":"https:\/\/radiocresatelital.com\/index.php?rest_route=\/wp\/v2\/posts\/22082\/revisions\/22084"}],"wp:featuredmedia":[{"embeddable":true,"href":"https:\/\/radiocresatelital.com\/index.php?rest_route=\/wp\/v2\/media\/22083"}],"wp:attachment":[{"href":"https:\/\/radiocresatelital.com\/index.php?rest_route=%2Fwp%2Fv2%2Fmedia&parent=22082"}],"wp:term":[{"taxonomy":"category","embeddable":true,"href":"https:\/\/radiocresatelital.com\/index.php?rest_route=%2Fwp%2Fv2%2Fcategories&post=22082"},{"taxonomy":"post_tag","embeddable":true,"href":"https:\/\/radiocresatelital.com\/index.php?rest_route=%2Fwp%2Fv2%2Ftags&post=22082"}],"curies":[{"name":"wp","href":"https:\/\/api.w.org\/{rel}","templated":true}]}}