{"id":22070,"date":"2024-12-12T19:37:36","date_gmt":"2024-12-12T19:37:36","guid":{"rendered":"https:\/\/radiocresatelital.com\/?p=22070"},"modified":"2024-12-12T19:37:47","modified_gmt":"2024-12-12T19:37:47","slug":"ministra-zaida-rovira-cumple-agenda-social-en-la-provincia-de-loja","status":"publish","type":"post","link":"https:\/\/radiocresatelital.com\/?p=22070","title":{"rendered":"Ministra Zaida Rovira cumple agenda social en la provincia de Loja"},"content":{"rendered":"<p>Loja.- La ministra de Inclusi\u00f3n Econ\u00f3mica y Social, Zaida Rovira, cumpli\u00f3 una agenda social en la provincia de Loja, en donde recibi\u00f3 una nueva adjudicaci\u00f3n de donaciones por parte del Servicio de Aduana del Ecuador (SENAE); y, visit\u00f3 y entreg\u00f3 ayuda humanitaria a familias en situaci\u00f3n de pobreza, pobreza extrema y vulnerabilidad.<\/p>\n<p>En el cant\u00f3n Catamayo, la ministra Rovira, recibi\u00f3 una nueva adjudicaci\u00f3n de donaciones por parte del<br \/>\nSENAE con cerca de 30.000 art\u00edculos, entre prendas de vestir, calzado, menaje de casa, entre otros,<br \/>\nvalorado en alrededor de USD 112 mil y que se entregar\u00e1n a familias en situaci\u00f3n de pobreza, pobreza<br \/>\nextrema y vulnerabilidad; as\u00ed como a aquellas que resulten afectadas por alg\u00fan desastre natural o evento<br \/>\nadverso.<\/p>\n<p>Durante la recepci\u00f3n de esta mercader\u00eda, la ministra Rovira destac\u00f3 la permanente articulaci\u00f3n que llevan adelante el Ministerio de Inclusi\u00f3n Econ\u00f3mica y Social (MIES) y SENAE y que permite, no solo brindar atenci\u00f3n y ayuda oportuna a quienes m\u00e1s lo necesitan, sino optimizar recursos, brindar una respuesta oportuna y transparentar la gesti\u00f3n institucional, dijo. \u201cPor disposici\u00f3n del presidente Daniel Noboa estamos activados en todo el territorio, conociendo y resolviendo las necesidades de la poblaci\u00f3n m\u00e1s vulnerable\u201d, agreg\u00f3.<\/p>\n<p>Iv\u00e1n Rosero, director general del SENAE, tambi\u00e9n resalt\u00f3 la coordinaci\u00f3n interinstitucional y dijo que esta adjudicaci\u00f3n y el trabajo conjunto, permitir\u00e1 atender a quienes m\u00e1s lo necesitan.<\/p>\n<p>En este cant\u00f3n, la ministra Rovira tambi\u00e9n visit\u00f3 a la familia Bermeo, a quienes les inform\u00f3 que desde<br \/>\nenero de 2025, su peque\u00f1o hijo de tres a\u00f1os, quien tiene discapacidad f\u00edsica, ser\u00e1 beneficiario del Bono<br \/>\nJoaqu\u00edn Gallegos Lara de USD 240 mensuales, apoyo econ\u00f3mico que le permitir\u00e1 cubrir varias de sus<br \/>\nnecesidades, mejorando su calidad de vida y la de su familia.<\/p>\n<p>Tambi\u00e9n estuvo en el hogar de Manuel Ar\u00e9valo, de 58 a\u00f1os de edad y quien tiene discapacidad intelectual.<\/p>\n<p>\u00c9l es, desde este a\u00f1o, usuario del Bono Joaqu\u00edn Gallegos Lara y est\u00e1 bajo el cuidado de su hermana.<\/p>\n<p>Ambas familias recibieron kits con alimentos no perecibles, ropa e hidrataci\u00f3n. M\u00e1s tarde, se traslad\u00f3 hasta el cant\u00f3n Loja para visitar a Blanca Tenorio, quien vive con su esposo, sus dos hijos, de 13 y 14 a\u00f1os, y su sobrina de 4 a\u00f1os, a quien acoge. La familia fue habilitada para el cobro del Bono de Contingencia de USD 280, que se entrega por una sola vez. Este hogar result\u00f3 afectado por el incendio de su vivienda, y debido a su condici\u00f3n socio-econ\u00f3mica tambi\u00e9n recibir\u00e1 el Bono de Desarrollo Humano.<\/p>\n<p>Adem\u00e1s, equipo t\u00e9cnico de acompa\u00f1amiento familiar del MIES trabaja con la familia en la corresponsabilidad, enfatizando en la reinserci\u00f3n y permanencia escolar de los hijos de Blanca.<\/p>\n<p>Durante esta agenda social, la ministra Rovira, quien estuvo acompa\u00f1ada por la gobernadora de Loja, Alexandra Jara, equipo t\u00e9cnico y autoridades locales de esta cartera de Estado, reiter\u00f3 el compromiso del Gobierno Nacional de atender oportunamente a las personas m\u00e1s vulnerables y a aquellas que est\u00e1n en situaci\u00f3n de pobreza, pobreza extrema y vulnerabilidad.<\/p>\n","protected":false},"excerpt":{"rendered":"<p>Loja.- La ministra de Inclusi\u00f3n Econ\u00f3mica y Social, Zaida Rovira, cumpli\u00f3 una agenda social en la provincia de Loja, en donde recibi\u00f3 una nueva adjudicaci\u00f3n de donaciones por parte del Servicio de Aduana del Ecuador (SENAE); y, visit\u00f3 y entreg\u00f3 ayuda humanitaria a familias en situaci\u00f3n de pobreza, pobreza extrema y vulnerabilidad. En el cant\u00f3n [&hellip;]<\/p>\n","protected":false},"author":2,"featured_media":22071,"comment_status":"open","ping_status":"closed","sticky":false,"template":"","format":"standard","meta":{"_jetpack_memberships_contains_paid_content":false,"footnotes":""},"categories":[13],"tags":[1949],"class_list":["post-22070","post","type-post","status-publish","format-standard","has-post-thumbnail","hentry","category-noticias-nacionales","tag-ministra-de-inclusion-economica-y-social"],"jetpack_featured_media_url":"https:\/\/radiocresatelital.com\/wp-content\/uploads\/2024\/12\/WhatsApp-Image-2024-12-12-at-14.34.39-scaled.jpeg","jetpack_sharing_enabled":true,"_links":{"self":[{"href":"https:\/\/radiocresatelital.com\/index.php?rest_route=\/wp\/v2\/posts\/22070","targetHints":{"allow":["GET"]}}],"collection":[{"href":"https:\/\/radiocresatelital.com\/index.php?rest_route=\/wp\/v2\/posts"}],"about":[{"href":"https:\/\/radiocresatelital.com\/index.php?rest_route=\/wp\/v2\/types\/post"}],"author":[{"embeddable":true,"href":"https:\/\/radiocresatelital.com\/index.php?rest_route=\/wp\/v2\/users\/2"}],"replies":[{"embeddable":true,"href":"https:\/\/radiocresatelital.com\/index.php?rest_route=%2Fwp%2Fv2%2Fcomments&post=22070"}],"version-history":[{"count":1,"href":"https:\/\/radiocresatelital.com\/index.php?rest_route=\/wp\/v2\/posts\/22070\/revisions"}],"predecessor-version":[{"id":22072,"href":"https:\/\/radiocresatelital.com\/index.php?rest_route=\/wp\/v2\/posts\/22070\/revisions\/22072"}],"wp:featuredmedia":[{"embeddable":true,"href":"https:\/\/radiocresatelital.com\/index.php?rest_route=\/wp\/v2\/media\/22071"}],"wp:attachment":[{"href":"https:\/\/radiocresatelital.com\/index.php?rest_route=%2Fwp%2Fv2%2Fmedia&parent=22070"}],"wp:term":[{"taxonomy":"category","embeddable":true,"href":"https:\/\/radiocresatelital.com\/index.php?rest_route=%2Fwp%2Fv2%2Fcategories&post=22070"},{"taxonomy":"post_tag","embeddable":true,"href":"https:\/\/radiocresatelital.com\/index.php?rest_route=%2Fwp%2Fv2%2Ftags&post=22070"}],"curies":[{"name":"wp","href":"https:\/\/api.w.org\/{rel}","templated":true}]}}