{"id":22041,"date":"2024-12-11T20:15:51","date_gmt":"2024-12-11T20:15:51","guid":{"rendered":"https:\/\/radiocresatelital.com\/?p=22041"},"modified":"2024-12-11T22:19:07","modified_gmt":"2024-12-11T22:19:07","slug":"colaboradores-de-nirsa-lideran-campana-que-promueve-los-ddhh","status":"publish","type":"post","link":"https:\/\/radiocresatelital.com\/?p=22041","title":{"rendered":"Colaboradores de NIRSA lideran campa\u00f1a que promueve los DDHH"},"content":{"rendered":"<p class=\"x_MsoNormal\"><span lang=\"ES-CO\" data-olk-copy-source=\"MessageBody\">Guayaquil.-<\/span><span lang=\"ES-CO\">\u00a0En conmemoraci\u00f3n del D\u00eda de los Derechos Humanos, celebrado cada 10 de diciembre,\u00a0NIRSA, empresa ecuatoriana que produce y comercializa productos alimenticios bajo la marca\u00a0Real, llev\u00f3 a cabo una campa\u00f1a dirigida a sus colaboradores enfocada a promover el conocimiento y la conciencia sobre los derechos humanos.<\/span><\/p>\n<p class=\"x_MsoNormal\"><span lang=\"ES-CO\">Este a\u00f1o, la empresa brind\u00f3 a sus colaboradores la oportunidad de convertirse en protagonistas de una obra de teatro que aborda sobre los derechos humanos.<\/p>\n<p>Esta iniciativa no solo busca aumentar la atenci\u00f3n y generar m\u00e1s cercan\u00eda, sino tambi\u00e9n fortalecer el sentido de pertenencia y compromiso de las personas con los valores de la organizaci\u00f3n.<\/p>\n<p>De esta manera, el mensaje se vuelve relevante por su autenticidad y se fomenta un ambiente inclusivo y respetuoso.<\/span><span lang=\"ES-CO\">\u00a0<\/span><\/p>\n<p class=\"x_MsoNormal\"><span lang=\"ES-CO\">Esta fecha celebra el establecimiento de los derechos y libertades fundamentales para todos, proclamados por la Asamblea General de las Naciones Unidas en 1948.<\/p>\n<p>La participaci\u00f3n de los colaboradores en estas iniciativas refleja el compromiso de NIRSA de fomentar un ambiente laboral que refleje equidad e igualdad de oportunidades.<\/span><\/p>\n","protected":false},"excerpt":{"rendered":"<p>Guayaquil.-\u00a0En conmemoraci\u00f3n del D\u00eda de los Derechos Humanos, celebrado cada 10 de diciembre,\u00a0NIRSA, empresa ecuatoriana que produce y comercializa productos alimenticios bajo la marca\u00a0Real, llev\u00f3 a cabo una campa\u00f1a dirigida a sus colaboradores enfocada a promover el conocimiento y la conciencia sobre los derechos humanos. Este a\u00f1o, la empresa brind\u00f3 a sus colaboradores la oportunidad [&hellip;]<\/p>\n","protected":false},"author":2,"featured_media":22042,"comment_status":"open","ping_status":"closed","sticky":false,"template":"","format":"standard","meta":{"_jetpack_memberships_contains_paid_content":false,"footnotes":""},"categories":[1],"tags":[3483,641],"class_list":["post-22041","post","type-post","status-publish","format-standard","has-post-thumbnail","hentry","category-publicidad","tag-dia-de-los-derechos-humanos","tag-nirsa"],"jetpack_featured_media_url":"https:\/\/radiocresatelital.com\/wp-content\/uploads\/2024\/12\/DDHH-2024.png","jetpack_sharing_enabled":true,"_links":{"self":[{"href":"https:\/\/radiocresatelital.com\/index.php?rest_route=\/wp\/v2\/posts\/22041","targetHints":{"allow":["GET"]}}],"collection":[{"href":"https:\/\/radiocresatelital.com\/index.php?rest_route=\/wp\/v2\/posts"}],"about":[{"href":"https:\/\/radiocresatelital.com\/index.php?rest_route=\/wp\/v2\/types\/post"}],"author":[{"embeddable":true,"href":"https:\/\/radiocresatelital.com\/index.php?rest_route=\/wp\/v2\/users\/2"}],"replies":[{"embeddable":true,"href":"https:\/\/radiocresatelital.com\/index.php?rest_route=%2Fwp%2Fv2%2Fcomments&post=22041"}],"version-history":[{"count":1,"href":"https:\/\/radiocresatelital.com\/index.php?rest_route=\/wp\/v2\/posts\/22041\/revisions"}],"predecessor-version":[{"id":22043,"href":"https:\/\/radiocresatelital.com\/index.php?rest_route=\/wp\/v2\/posts\/22041\/revisions\/22043"}],"wp:featuredmedia":[{"embeddable":true,"href":"https:\/\/radiocresatelital.com\/index.php?rest_route=\/wp\/v2\/media\/22042"}],"wp:attachment":[{"href":"https:\/\/radiocresatelital.com\/index.php?rest_route=%2Fwp%2Fv2%2Fmedia&parent=22041"}],"wp:term":[{"taxonomy":"category","embeddable":true,"href":"https:\/\/radiocresatelital.com\/index.php?rest_route=%2Fwp%2Fv2%2Fcategories&post=22041"},{"taxonomy":"post_tag","embeddable":true,"href":"https:\/\/radiocresatelital.com\/index.php?rest_route=%2Fwp%2Fv2%2Ftags&post=22041"}],"curies":[{"name":"wp","href":"https:\/\/api.w.org\/{rel}","templated":true}]}}