{"id":22038,"date":"2024-12-11T22:14:20","date_gmt":"2024-12-11T22:14:20","guid":{"rendered":"https:\/\/radiocresatelital.com\/?p=22038"},"modified":"2024-12-11T22:14:20","modified_gmt":"2024-12-11T22:14:20","slug":"desde-el-1-de-enero-cambiara-la-tarifa-de-la-metrovia-usuarios-con-aporte-social-seguiran-pagando-30-centavos","status":"publish","type":"post","link":"https:\/\/radiocresatelital.com\/?p=22038","title":{"rendered":"Desde el 1 de enero cambiar\u00e1 la tarifa de la Metrov\u00eda: usuarios con aporte social seguir\u00e1n pagando 30 centavos"},"content":{"rendered":"<p>Guayaquil.- La Agencia Metrov\u00eda informa que, a partir del 1 de enero de 2025, solo los usuarios que cuenten con la tarjeta \u00abLa Guayaca\u00bb y hayan accedido al beneficio del aporte social podr\u00e1n mantener la tarifa de USD 0.30.<\/p>\n<p>Aquellos que no hayan retirado su tarjeta antes del 31 de diciembre de 2024 deber\u00e1n pagar la tarifa regular de USD 0.45, de acuerdo con lo dispuesto en la ordenanza municipal.<\/p>\n<p>Hasta la fecha, se han entregado m\u00e1s de 93,000 tarjetas a los usuarios, de las cuales 20,000 est\u00e1n destinadas a grupos preferenciales, como personas mayores, estudiantes, ni\u00f1os y personas con discapacidad. Estos grupos continuar\u00e1n accediendo a tarifas reducidas de USD 0.15 o USD 0.10, seg\u00fan corresponda.<\/p>\n<p>Los usuarios que a\u00fan est\u00e1n en proceso de subsanaci\u00f3n de observaciones tienen plazo hasta el 31 de diciembre para regularizar su situaci\u00f3n. Para garantizar que todos los beneficiarios reciban la informaci\u00f3n a tiempo, se han enviado m\u00e1s de 170,000 correos electr\u00f3nicos y 20,000 mensajes de WhatsApp.<\/p>\n<p>La entrega de tarjetas contin\u00faa en la Terminal R\u00edo Daule, en el siguiente horario: de lunes a viernes de 08h30 a 19h00 locales (13h30 a 00h00 GMT), y los fines de semana de 10h00 a 14h00 locales (15h00 a 19h00 GMT). Adem\u00e1s, los d\u00edas festivos 24 y 31 de diciembre, el horario de atenci\u00f3n ser\u00e1 de 08h30 a 15h00 locales (13h30 a 20h00 GMT).<\/p>\n<p>Por otro lado, a partir del 1 de enero, se incorporar\u00e1n al sistema de transporte Metrov\u00eda 14 nuevos buses con aire acondicionado en las Troncales 1 y 3, y otros 5 adicionales se sumar\u00e1n a finales de enero.<\/p>\n","protected":false},"excerpt":{"rendered":"<p>Guayaquil.- La Agencia Metrov\u00eda informa que, a partir del 1 de enero de 2025, solo los usuarios que cuenten con la tarjeta \u00abLa Guayaca\u00bb y hayan accedido al beneficio del aporte social podr\u00e1n mantener la tarifa de USD 0.30. Aquellos que no hayan retirado su tarjeta antes del 31 de diciembre de 2024 deber\u00e1n pagar [&hellip;]<\/p>\n","protected":false},"author":2,"featured_media":22039,"comment_status":"open","ping_status":"closed","sticky":false,"template":"","format":"standard","meta":{"_jetpack_memberships_contains_paid_content":false,"footnotes":""},"categories":[13],"tags":[3482],"class_list":["post-22038","post","type-post","status-publish","format-standard","has-post-thumbnail","hentry","category-noticias-nacionales","tag-agencia-metrovia"],"jetpack_featured_media_url":"https:\/\/radiocresatelital.com\/wp-content\/uploads\/2024\/12\/3ab37c874fbb9c5294e81dd190368b08_XL.jpg","jetpack_sharing_enabled":true,"_links":{"self":[{"href":"https:\/\/radiocresatelital.com\/index.php?rest_route=\/wp\/v2\/posts\/22038","targetHints":{"allow":["GET"]}}],"collection":[{"href":"https:\/\/radiocresatelital.com\/index.php?rest_route=\/wp\/v2\/posts"}],"about":[{"href":"https:\/\/radiocresatelital.com\/index.php?rest_route=\/wp\/v2\/types\/post"}],"author":[{"embeddable":true,"href":"https:\/\/radiocresatelital.com\/index.php?rest_route=\/wp\/v2\/users\/2"}],"replies":[{"embeddable":true,"href":"https:\/\/radiocresatelital.com\/index.php?rest_route=%2Fwp%2Fv2%2Fcomments&post=22038"}],"version-history":[{"count":1,"href":"https:\/\/radiocresatelital.com\/index.php?rest_route=\/wp\/v2\/posts\/22038\/revisions"}],"predecessor-version":[{"id":22040,"href":"https:\/\/radiocresatelital.com\/index.php?rest_route=\/wp\/v2\/posts\/22038\/revisions\/22040"}],"wp:featuredmedia":[{"embeddable":true,"href":"https:\/\/radiocresatelital.com\/index.php?rest_route=\/wp\/v2\/media\/22039"}],"wp:attachment":[{"href":"https:\/\/radiocresatelital.com\/index.php?rest_route=%2Fwp%2Fv2%2Fmedia&parent=22038"}],"wp:term":[{"taxonomy":"category","embeddable":true,"href":"https:\/\/radiocresatelital.com\/index.php?rest_route=%2Fwp%2Fv2%2Fcategories&post=22038"},{"taxonomy":"post_tag","embeddable":true,"href":"https:\/\/radiocresatelital.com\/index.php?rest_route=%2Fwp%2Fv2%2Ftags&post=22038"}],"curies":[{"name":"wp","href":"https:\/\/api.w.org\/{rel}","templated":true}]}}